{"id":99,"date":"2013-09-11T14:54:29","date_gmt":"2013-09-11T14:54:29","guid":{"rendered":"http:\/\/www.encontraalagoinhas.com.br\/noticias\/?p=99"},"modified":"2019-04-29T20:48:45","modified_gmt":"2019-04-29T20:48:45","slug":"alagoinhas-semas-abre-inscricoes-para-o-pronatec","status":"publish","type":"post","link":"https:\/\/www.encontraalagoinhas.com.br\/sobre\/alagoinhas-semas-abre-inscricoes-para-o-pronatec\/","title":{"rendered":"Alagoinhas: SEMAS abre inscri\u00e7\u00f5es para o Pronatec"},"content":{"rendered":"<div class=\"c3aec6c543aa9cbffec6112837d9060a\" data-index=\"1\" style=\"float: none; margin:0px;\">\n<!-- Anuncio display - global -->\r\n<ins class=\"adsbygoogle\"\r\n     style=\"display:block\"\r\n     data-ad-client=\"ca-pub-8585364105181520\"\r\n     data-ad-slot=\"8789329856\"\r\n     data-ad-format=\"auto\"\r\n     data-full-width-responsive=\"true\"><\/ins>\r\n<script>\r\n     (adsbygoogle = window.adsbygoogle || []).push({});\r\n<\/script>\n<\/div>\n<p>A Prefeitura de Alagoinhas, atrav\u00e9s da Secretaria Municipal de Assist\u00eancia Social (SEMAS), inicia nesta quinta-feira, 12, as inscri\u00e7\u00f5es da pr\u00e9-matr\u00edcula para o Programa Nacional de Acesso ao Ensino T\u00e9cnico e Emprego (Pronatec). As qualifica\u00e7\u00f5es dispon\u00edveis s\u00e3o destinadas a pessoas com idade entre 16 e 59 anos.<\/p>\n<p>As inscri\u00e7\u00f5es para a pr\u00e9-matr\u00edcula ser\u00e3o realizadas na SEMAS, das 8h \u00e0s 12h, e das 13 \u00e0s 17h e seguem at\u00e9 o dia 20 de setembro. Ser\u00e3o disponibilizadas 640 vagas distribu\u00eddas em v\u00e1rios cursos: almoxarife; assistente de planejamento e controle de produ\u00e7\u00e3o; instalador e reparador de redes de computadores; operador de computador; agente de inspe\u00e7\u00e3o de qualidade; aplicador de revestimento cer\u00e2mico; pedreiro de revestimentos em argamassa; agente de observa\u00e7\u00e3o de seguran\u00e7a e mec\u00e2nico de m\u00e1quinas industriais. Todos os cursos s\u00e3o gratuitos desde a inscri\u00e7\u00e3o at\u00e9 a aquisi\u00e7\u00e3o dos materiais did\u00e1ticos e o aluno ainda receber\u00e1 uma bolsa aux\u00edlio.<\/p>\n<p>Para se inscrever \u00e9 necess\u00e1rio apresentar RG, CPF, comprovante de resid\u00eancia, n\u00famero do NIS (Numero de Inscri\u00e7\u00e3o Social) e atestado de escolaridade. A SEMAS informa que, al\u00e9m das vagas destinadas para quem possui o Ensino Fundamental e M\u00e9dio completos, h\u00e1 tamb\u00e9m outras destinadas \u00e0queles com ensino incompleto.<\/p>\n<p>O Pronatec faz parte do Plano Brasil Sem Mis\u00e9ria (BSM), lan\u00e7ado em junho de 2011, com a finalidade de superar a condi\u00e7\u00e3o da extrema pobreza que ainda atinge parcela da popula\u00e7\u00e3o brasileira, criando oportunidades para elevar a renda e o acesso a servi\u00e7os dos segmentos mais vulner\u00e1veis.<\/p>\n\n<div style=\"font-size: 0px; height: 0px; line-height: 0px; margin: 0; padding: 0; clear: both;\"><\/div>","protected":false},"excerpt":{"rendered":"<p>A Prefeitura de Alagoinhas, atrav\u00e9s da Secretaria Municipal de Assist\u00eancia Social (SEMAS), inicia nesta quinta-feira, 12, as inscri\u00e7\u00f5es da pr\u00e9-matr\u00edcula para o Programa Nacional de Acesso ao Ensino T\u00e9cnico e Emprego (Pronatec). As qualifica\u00e7\u00f5es dispon\u00edveis s\u00e3o destinadas a pessoas com idade entre 16 e 59 anos. As inscri\u00e7\u00f5es para a pr\u00e9-matr\u00edcula ser\u00e3o realizadas na SEMAS, das 8h \u00e0s 12h, e das 13 \u00e0s 17h e seguem at\u00e9 o dia 20 de setembro. Ser\u00e3o disponibilizadas 640 vagas distribu\u00eddas em v\u00e1rios cursos: almoxarife; assistente de planejamento e controle de produ\u00e7\u00e3o; instalador e reparador de redes de computadores; operador de computador; agente de <\/p>\n","protected":false},"author":1,"featured_media":0,"comment_status":"open","ping_status":"closed","sticky":false,"template":"","format":"standard","meta":{"footnotes":""},"categories":[5],"tags":[],"class_list":["post-99","post","type-post","status-publish","format-standard","hentry","category-noticias-em-alagoinhas"],"aioseo_notices":[],"_links":{"self":[{"href":"https:\/\/www.encontraalagoinhas.com.br\/sobre\/wp-json\/wp\/v2\/posts\/99","targetHints":{"allow":["GET"]}}],"collection":[{"href":"https:\/\/www.encontraalagoinhas.com.br\/sobre\/wp-json\/wp\/v2\/posts"}],"about":[{"href":"https:\/\/www.encontraalagoinhas.com.br\/sobre\/wp-json\/wp\/v2\/types\/post"}],"author":[{"embeddable":true,"href":"https:\/\/www.encontraalagoinhas.com.br\/sobre\/wp-json\/wp\/v2\/users\/1"}],"replies":[{"embeddable":true,"href":"https:\/\/www.encontraalagoinhas.com.br\/sobre\/wp-json\/wp\/v2\/comments?post=99"}],"version-history":[{"count":3,"href":"https:\/\/www.encontraalagoinhas.com.br\/sobre\/wp-json\/wp\/v2\/posts\/99\/revisions"}],"predecessor-version":[{"id":230,"href":"https:\/\/www.encontraalagoinhas.com.br\/sobre\/wp-json\/wp\/v2\/posts\/99\/revisions\/230"}],"wp:attachment":[{"href":"https:\/\/www.encontraalagoinhas.com.br\/sobre\/wp-json\/wp\/v2\/media?parent=99"}],"wp:term":[{"taxonomy":"category","embeddable":true,"href":"https:\/\/www.encontraalagoinhas.com.br\/sobre\/wp-json\/wp\/v2\/categories?post=99"},{"taxonomy":"post_tag","embeddable":true,"href":"https:\/\/www.encontraalagoinhas.com.br\/sobre\/wp-json\/wp\/v2\/tags?post=99"}],"curies":[{"name":"wp","href":"https:\/\/api.w.org\/{rel}","templated":true}]}}