{"id":917,"date":"2026-04-29T06:06:16","date_gmt":"2026-04-29T06:06:16","guid":{"rendered":"https:\/\/www.encontraalagoinhas.com.br\/sobre\/caravana-dos-direitos-humanos-deve-atender-a-3-500-pessoas-em-alagoinhas\/"},"modified":"2026-04-29T06:06:16","modified_gmt":"2026-04-29T06:06:16","slug":"caravana-dos-direitos-humanos-deve-atender-a-3-500-pessoas-em-alagoinhas","status":"publish","type":"post","link":"https:\/\/www.encontraalagoinhas.com.br\/sobre\/caravana-dos-direitos-humanos-deve-atender-a-3-500-pessoas-em-alagoinhas\/","title":{"rendered":"Caravana dos Direitos Humanos deve atender a 3.500 pessoas em Alagoinhas"},"content":{"rendered":"<div class=\"c3aec6c543aa9cbffec6112837d9060a\" data-index=\"1\" style=\"float: none; margin:0px;\">\n<!-- Anuncio display - global -->\r\n<ins class=\"adsbygoogle\"\r\n     style=\"display:block\"\r\n     data-ad-client=\"ca-pub-8585364105181520\"\r\n     data-ad-slot=\"8789329856\"\r\n     data-ad-format=\"auto\"\r\n     data-full-width-responsive=\"true\"><\/ins>\r\n<script>\r\n     (adsbygoogle = window.adsbygoogle || []).push({});\r\n<\/script>\n<\/div>\n<h2>Servi\u00e7os Oferecidos na Caravana<\/h2>\n<p>A Caravana dos Direitos Humanos \u00e9 um projeto que oferece uma ampla gama de servi\u00e7os para a popula\u00e7\u00e3o, reunindo diversos \u00f3rg\u00e3os em um s\u00f3 local. Entre os servi\u00e7os dispon\u00edveis, destacam-se:<\/p>\n<ul>\n<li><strong>Emiss\u00e3o de Documentos:<\/strong> A caravana facilita a emiss\u00e3o de documentos b\u00e1sicos, como carteiras de identidade, certid\u00f5es de nascimento e outros registros essenciais.<\/li>\n<li><strong>Orienta\u00e7\u00f5es Jur\u00eddicas:<\/strong> Profissionais da \u00e1rea de direito est\u00e3o dispon\u00edveis para esclarecer d\u00favidas e prestar assist\u00eancia legal \u00e0 comunidade.<\/li>\n<li><strong>Acesso \u00e0 Justi\u00e7a:<\/strong> A caravana promove o acesso a servi\u00e7os jur\u00eddicos e informa\u00e7\u00f5es sobre direitos, contribuindo para a inclus\u00e3o social.<\/li>\n<li><strong>Renegocia\u00e7\u00e3o de D\u00edvidas:<\/strong> O Procon participa do evento, oferecendo servi\u00e7os de orienta\u00e7\u00e3o e renegocia\u00e7\u00e3o para aqueles que enfrentam dificuldades financeiras.<\/li>\n<li><strong>Atendimentos Especiais:<\/strong> A caravana conta com servi\u00e7os voltados a grupos priorit\u00e1rios, como pessoas com defici\u00eancia, comunidade LGBT, e fam\u00edlias em situa\u00e7\u00e3o de vulnerabilidade.<\/li>\n<\/ul>\n<h2>Import\u00e2ncia da Caravana para a Comunidade<\/h2>\n<p>O evento representa uma oportunidade crucial para milh\u00f5es de cidad\u00e3os, especialmente aqueles que frequentemente t\u00eam dificuldades de acessar servi\u00e7os p\u00fablicos. Este tipo de iniciativa:<\/p>\n<ul>\n<li><strong>Promove a Inclus\u00e3o:<\/strong> Ao levar servi\u00e7os essenciais para locais de f\u00e1cil acesso, a Caravana diminui a dist\u00e2ncia entre cidad\u00e3os e o Estado.<\/li>\n<li><strong>Reduz a Desigualdade:<\/strong> O projeto busca atender as popula\u00e7\u00f5es mais vulner\u00e1veis, garantindo que todos tenham acesso aos seus direitos.<\/li>\n<li><strong>Fomenta o Empoderamento:<\/strong> Com o oferecimento de cursos e oficinas sobre direitos humanos, a Caravana tamb\u00e9m educa e conscientiza a popula\u00e7\u00e3o sobre seus direitos.<\/li>\n<\/ul>\n<h2>Acesso \u00e0 Justi\u00e7a e Documenta\u00e7\u00e3o<\/h2>\n<p>A Caravana aborda a quest\u00e3o do acesso \u00e0 justi\u00e7a de maneira direta, oferecendo servi\u00e7os que v\u00e3o desde a esclarecimento de d\u00favidas jur\u00eddicas at\u00e9 a regulariza\u00e7\u00e3o de documenta\u00e7\u00e3o necess\u00e1ria para que cidad\u00e3os possam reivindicar seus direitos. Este acesso facilitado \u00e9 vital, pois:<\/p>\n<p><img decoding=\"async\" src=\"https:\/\/www.encontraalagoinhas.com.br\/sobre\/wp-content\/uploads\/2026\/04\/caravana-dos-direitos-humanos-deve-atender-a-3-500-pessoas-em-alagoinhas.webp\" alt=\"Caravana dos Direitos Humanos\" loading=\"lazy\" \/><\/p>\n<ul>\n<li><strong>Elimina Barreiras:<\/strong> Muitas pessoas n\u00e3o t\u00eam acesso a um advogado ou informa\u00e7\u00f5es jur\u00eddicas, tornando a Caravana uma ponte essencial para esses servi\u00e7os.<\/li>\n<li><strong>Fornece Solu\u00e7\u00f5es Imediatas:<\/strong> Os atendimentos s\u00e3o realizados in loco, permitindo que problemas complexos sejam resolvidos na hora, sem a necessidade de deslocamentos adicionais.<\/li>\n<\/ul>\n<h2>Atendimentos a Grupos Vulner\u00e1veis<\/h2>\n<p>A Caravana n\u00e3o apenas oferece servi\u00e7os para todos, mas tem um enfoque especial em atender grupos tradicionalmente marginalizados. De acordo com os representantes presentes:<\/p>\n<ul>\n<li><strong>Popula\u00e7\u00e3o LGBT:<\/strong> S\u00e3o disponibilizados servi\u00e7os de acolhimento e assist\u00eancia jur\u00eddica voltados \u00e0s necessidades espec\u00edficas desta comunidade.<\/li>\n<li><strong>Comunidades Quilombolas:<\/strong> A Caravana busca garantir que essas comunidades tenham acesso aos seus direitos hist\u00f3ricos e culturais.<\/li>\n<li><strong>Pessoas com Defici\u00eancia:<\/strong> Atendimentos personalizados s\u00e3o oferecidos para garantir que esses indiv\u00edduos tenham pleno acesso aos servi\u00e7os dispon\u00edveis.<\/li>\n<\/ul>\n<h2>Hist\u00f3rias Impactantes da Caravana<\/h2>\n<p>A Caravana n\u00e3o se resume apenas a n\u00fameros e estat\u00edsticas; ela \u00e9 formada por hist\u00f3rias que refletem o impacto real em vidas. Um exemplo marcante \u00e9 o relato de uma senhora de 80 anos que, por d\u00e9cadas, viveu sem a certid\u00e3o de nascimento. Com o suporte da Caravana, finalmente conseguiu regularizar sua documenta\u00e7\u00e3o.<\/p>\n<p>Outro caso not\u00e1vel \u00e9 o de um pai de fam\u00edlia que, ap\u00f3s perder diversos documentos, conseguiu a revalida\u00e7\u00e3o de sua situa\u00e7\u00e3o por meio de articula\u00e7\u00f5es entre cart\u00f3rios. Estas hist\u00f3rias exemplificam como a Caravana transforma vidas, restaurando a dignidade de quem teve seus direitos negados.<\/p>\n<h2>Parcerias que Fortalecem a A\u00e7\u00e3o<\/h2>\n<p>A realiza\u00e7\u00e3o da Caravana \u00e9 resultado de uma forte colabora\u00e7\u00e3o entre \u00f3rg\u00e3os p\u00fablicos e privados, ONGs e institui\u00e7\u00f5es locais. Essas parcerias s\u00e3o fundamentais, pois:<\/p>\n<ul>\n<li><strong>Multiplicam Servi\u00e7os:<\/strong> Com diversas institui\u00e7\u00f5es atuando em conjunto, a Caravana consegue oferecer mais servi\u00e7os do que um \u00fanico \u00f3rg\u00e3o poderia.<\/li>\n<li><strong>Fortalecem Redes de Apoio:<\/strong> As colabora\u00e7\u00f5es n\u00e3o apenas entregam servi\u00e7os, mas tamb\u00e9m fortalecem as redes de suporte existentes para a popula\u00e7\u00e3o.<\/li>\n<\/ul>\n<h2>O Papel do Governo no Evento<\/h2>\n<p>O apoio do governo \u00e9 vital para garantir o sucesso da Caravana. Os representantes do governo explicaram que:<\/p>\n<ul>\n<li><strong>Compromisso com a Cidadania:<\/strong> A presen\u00e7a dos \u00f3rg\u00e3os governamentais demonstra um comprometimento real com a cidadania, e uma disposi\u00e7\u00e3o para ouvir as necessidades da popula\u00e7\u00e3o.<\/li>\n<li><strong>Aloca\u00e7\u00e3o de Recursos:<\/strong> O governo investe em recursos humanos e materiais para que a Caravana tenha um impacto significativo nas comunidades atendidas.<\/li>\n<\/ul>\n<h2>Feedback da Comunidade sobre a Caravana<\/h2>\n<p>A receptividade do p\u00fablico tem sido extremamente positiva. Moradores locais expressaram gratid\u00e3o pela oportunidade de acessar servi\u00e7os de forma \u00e1gil e pr\u00e1tica. Muitos relataram que a Caravana facilitou a resolu\u00e7\u00e3o de burocracias que h\u00e1 muito estavam pendentes.<\/p>\n<p>A moradora Manuela, por exemplo, elogiou a rapidez no atendimento e a possibilidade de resolver m\u00faltiplas quest\u00f5es em um s\u00f3 local, destacando a import\u00e2ncia da iniciativa em sua vida.<\/p>\n<h2>Calend\u00e1rio de Eventos em Alagoinhas<\/h2>\n<p>A Caravana dos Direitos Humanos est\u00e1 programada para se realizar em diferentes datas e locais. Para quem deseja participar, recomenda-se acompanhar o calend\u00e1rio de eventos disponibilizado pela Prefeitura de Alagoinhas e pela Secretaria de Justi\u00e7a e Direitos Humanos da Bahia, onde s\u00e3o publicadas as datas e os locais da Caravana.<\/p>\n<h2>Como Participar e Acessar os Servi\u00e7os<\/h2>\n<p>Participar da Caravana \u00e9 simples. Os interessados devem ficar atentos \u00e0s comunica\u00e7\u00f5es oficiais atrav\u00e9s das seguintes plataformas:<\/p>\n<ul>\n<li><strong>S\u00edtio Oficial da Prefeitura:<\/strong> A p\u00e1gina da prefeitura traz informa\u00e7\u00f5es atualizadas sobre a Caravana.<\/li>\n<li><strong>Redes Sociais:<\/strong> As redes sociais da prefeitura frequentemente compartilham detalhes sobre as pr\u00f3ximas edi\u00e7\u00f5es e servi\u00e7os que ser\u00e3o oferecidos.<\/li>\n<li><strong>Institui\u00e7\u00f5es Parceiras:<\/strong> ONGs e outras institui\u00e7\u00f5es envolvidas tamb\u00e9m divulgam informa\u00e7\u00f5es relevantes.<\/li>\n<\/ul>\n<p>Al\u00e9m disso, \u00e9 sempre bom chegar cedo para garantir um atendimento mais r\u00e1pido e reservado.<\/p>\n\n<div style=\"font-size: 0px; height: 0px; line-height: 0px; margin: 0; padding: 0; clear: both;\"><\/div>","protected":false},"excerpt":{"rendered":"<p>Caravana dos Direitos Humanos promete atender 3.500 pessoas em Alagoinhas.<\/p>\n","protected":false},"author":1,"featured_media":916,"comment_status":"open","ping_status":"closed","sticky":false,"template":"","format":"standard","meta":{"footnotes":""},"categories":[5],"tags":[],"class_list":["post-917","post","type-post","status-publish","format-standard","has-post-thumbnail","hentry","category-noticias-em-alagoinhas","has_thumb"],"aioseo_notices":[],"_links":{"self":[{"href":"https:\/\/www.encontraalagoinhas.com.br\/sobre\/wp-json\/wp\/v2\/posts\/917","targetHints":{"allow":["GET"]}}],"collection":[{"href":"https:\/\/www.encontraalagoinhas.com.br\/sobre\/wp-json\/wp\/v2\/posts"}],"about":[{"href":"https:\/\/www.encontraalagoinhas.com.br\/sobre\/wp-json\/wp\/v2\/types\/post"}],"author":[{"embeddable":true,"href":"https:\/\/www.encontraalagoinhas.com.br\/sobre\/wp-json\/wp\/v2\/users\/1"}],"replies":[{"embeddable":true,"href":"https:\/\/www.encontraalagoinhas.com.br\/sobre\/wp-json\/wp\/v2\/comments?post=917"}],"version-history":[{"count":0,"href":"https:\/\/www.encontraalagoinhas.com.br\/sobre\/wp-json\/wp\/v2\/posts\/917\/revisions"}],"wp:featuredmedia":[{"embeddable":true,"href":"https:\/\/www.encontraalagoinhas.com.br\/sobre\/wp-json\/wp\/v2\/media\/916"}],"wp:attachment":[{"href":"https:\/\/www.encontraalagoinhas.com.br\/sobre\/wp-json\/wp\/v2\/media?parent=917"}],"wp:term":[{"taxonomy":"category","embeddable":true,"href":"https:\/\/www.encontraalagoinhas.com.br\/sobre\/wp-json\/wp\/v2\/categories?post=917"},{"taxonomy":"post_tag","embeddable":true,"href":"https:\/\/www.encontraalagoinhas.com.br\/sobre\/wp-json\/wp\/v2\/tags?post=917"}],"curies":[{"name":"wp","href":"https:\/\/api.w.org\/{rel}","templated":true}]}}