{"id":911,"date":"2026-04-28T06:05:59","date_gmt":"2026-04-28T06:05:59","guid":{"rendered":"https:\/\/www.encontraalagoinhas.com.br\/sobre\/alagoinhas-comemora-25-anos-do-cadastro-unico-com-acoes-estrategicas-nos-cras\/"},"modified":"2026-04-28T06:05:59","modified_gmt":"2026-04-28T06:05:59","slug":"alagoinhas-comemora-25-anos-do-cadastro-unico-com-acoes-estrategicas-nos-cras","status":"publish","type":"post","link":"https:\/\/www.encontraalagoinhas.com.br\/sobre\/alagoinhas-comemora-25-anos-do-cadastro-unico-com-acoes-estrategicas-nos-cras\/","title":{"rendered":"Alagoinhas comemora 25 anos do Cadastro \u00danico com a\u00e7\u00f5es estrat\u00e9gicas nos CRAS"},"content":{"rendered":"<div class=\"c3aec6c543aa9cbffec6112837d9060a\" data-index=\"1\" style=\"float: none; margin:0px;\">\n<!-- Anuncio display - global -->\r\n<ins class=\"adsbygoogle\"\r\n     style=\"display:block\"\r\n     data-ad-client=\"ca-pub-8585364105181520\"\r\n     data-ad-slot=\"8789329856\"\r\n     data-ad-format=\"auto\"\r\n     data-full-width-responsive=\"true\"><\/ins>\r\n<script>\r\n     (adsbygoogle = window.adsbygoogle || []).push({});\r\n<\/script>\n<\/div>\n<h2>Hist\u00f3rico do Cadastro \u00danico em Alagoinhas<\/h2>\n<p>No dia 27 de abril de 2026, o Centro de Refer\u00eancia de Assist\u00eancia Social (CRAS) do Riacho da Guia, em Alagoinhas, marcou um evento significativo para celebrar os 25 anos do Cadastro \u00danico (Cad\u00danico). Essa iniciativa foi organizada ao longo de todo o m\u00eas de abril, destacando a import\u00e2ncia do cadastro para a execu\u00e7\u00e3o das pol\u00edticas p\u00fablicas na regi\u00e3o. Desde sua cria\u00e7\u00e3o em 2001, o Cad\u00danico se tornou um documento essencial, com cerca de 90 mil fam\u00edlias registradas somente em Alagoinhas.<\/p>\n<h2>A Import\u00e2ncia do Cad\u00danico para a Popula\u00e7\u00e3o<\/h2>\n<p>O Cad\u00danico n\u00e3o se resume a um mero banco de dados, mas sim funciona como uma ferramenta crucial para combater a pobreza e promover a inclus\u00e3o social. Segundo Daniel Sampaio Carneiro, assistente social e coordenador do CRAS, o sistema \u00e9 vital para formular estrat\u00e9gias de enfrentamento \u00e0 desigualdade em diferentes territ\u00f3rios. Atrav\u00e9s dele, o governo pode identificar fam\u00edlias eleg\u00edveis para 42 programas diversos, que abrangem desde isen\u00e7\u00e3o de taxas at\u00e9 iniciativas como o Minha Casa, Minha Vida.<\/p>\n<h2>Estrat\u00e9gias de Enfrentamento \u00e0 Pobreza<\/h2>\n<p>Por meio de sua utiliza\u00e7\u00e3o, o Cadastro \u00danico permite que os gestores p\u00fablicos conhe\u00e7am a realidade socioecon\u00f4mica local. Essa compreens\u00e3o ajuda a direcionar os recursos e os servi\u00e7os necess\u00e1rios para quem mais precisa. Atrav\u00e9s do Cad\u00danico \u00e9 poss\u00edvel mapear as vulnerabilidades e, consequentemente, desenvolver pol\u00edticas mais efetivas para ajudar essas popula\u00e7\u00f5es. O assistente social Daniel enfatiza que o sistema revela quem s\u00e3o os mais necessitados em cada \u00e1rea, o que \u00e9 fundamental para a atua\u00e7\u00e3o do setor de assist\u00eancia social.<\/p>\n<p><img decoding=\"async\" src=\"https:\/\/www.encontraalagoinhas.com.br\/sobre\/wp-content\/uploads\/2026\/04\/alagoinhas-comemora-25-anos-do-cadastro-unico-com-acoes-estrategicas-nos-cras.webp\" alt=\"Cadastro \u00danico\" loading=\"lazy\" \/><\/p>\n<h2>A Mobiliza\u00e7\u00e3o nos CRAS de Alagoinhas<\/h2>\n<p>A mobiliza\u00e7\u00e3o realizada nos CRAS da cidade, incluindo o CRAS de Boa Uni\u00e3o, Pra\u00e7a CEU e Mangal\u00f4, foi fundamental para esclarecer d\u00favidas da popula\u00e7\u00e3o a respeito dos direitos relacionados ao Cad\u00danico. Este movimento culminar\u00e1 em um evento final no CRAS de Nova Bras\u00edlia, programado para o dia 29 de abril. Essas atividades demonstram o empenho em manter a popula\u00e7\u00e3o informada e acess\u00edvel em rela\u00e7\u00e3o aos recursos dispon\u00edveis.<\/p>\n<h2>Impacto do Cadastro \u00danico nas Fam\u00edlias<\/h2>\n<p>O impacto do Cad\u00danico nas fam\u00edlias \u00e9 evidente, pois ele oferece acesso a diversos benef\u00edcios sociais. Al\u00e9m da assist\u00eancia financeira, o cadastro ajuda na regulariza\u00e7\u00e3o de documentos e facilita o acesso a servi\u00e7os essenciais, como \u00e1gua e luz. O Cad\u00danico tornou-se um pilar para muitas fam\u00edlias que dependem de programas sociais, permitindo que elas se reestruturem economicamente e socialmente.<\/p>\n<h2>Capacita\u00e7\u00e3o de T\u00e9cnicos: Um Pilar do Sucesso<\/h2>\n<p>Um dos fatores que garantem a efici\u00eancia do Cad\u00danico \u00e9 a capacita\u00e7\u00e3o cont\u00ednua dos t\u00e9cnicos envolvidos. A equipe do CRAS tem se empenhado em levar informa\u00e7\u00f5es direto aos usu\u00e1rios, promovendo uma melhor compreens\u00e3o do sistema. A assistente social Mourione Brayner destacou que quando o cidad\u00e3o se torna consciente de seus direitos, ele pode reivindicar o acesso necess\u00e1rio, fortalecendo seu papel na sociedade.<\/p>\n<h2>Como Funciona o Cadastro \u00danico<\/h2>\n<p>O Cadastro \u00danico \u00e9 operado de maneira simplificada, onde os cidad\u00e3os t\u00eam a oportunidade de registrar suas informa\u00e7\u00f5es pessoais e socioecon\u00f4micas. Esse procedimento \u00e9 essencial para o mapeamento das fam\u00edlias que mais necessitam de assist\u00eancia. O sistema exige que os interessados forne\u00e7am dados como renda familiar, composi\u00e7\u00e3o do grupo, e condi\u00e7\u00f5es habitacionais, facilitando o acesso aos programas sociais.<\/p>\n<h2>Programas Dispon\u00edveis atrav\u00e9s do Cad\u00danico<\/h2>\n<p>Existem diversos programas dispon\u00edveis para os cadastrados, que ajudam na melhoria da qualidade de vida. Entre eles est\u00e3o:<\/p>\n<ul>\n<li>Isen\u00e7\u00e3o de taxas relacionadas \u00e0 sa\u00fade e educa\u00e7\u00e3o;<\/li>\n<li>ID Jovem para acesso a eventos e transportes;<\/li>\n<li>Minha Casa, Minha Vida, que visa facilitar a aquisi\u00e7\u00e3o da casa pr\u00f3pria;<\/li>\n<li>Regulariza\u00e7\u00e3o fundi\u00e1ria, garantindo direitos sobre propriedades;<\/li>\n<li>Acesso \u00e0 \u00e1gua e energia el\u00e9trica, fundamentais para o bem-estar das fam\u00edlias.<\/li>\n<\/ul>\n<h2>O Papel do CRAS na Comunidade<\/h2>\n<p>Os CRAS desempenham um papel fundamental na implementa\u00e7\u00e3o do Cadastro \u00danico nas comunidades. Eles servem como pontos de refer\u00eancia onde as fam\u00edlias podem buscar informa\u00e7\u00f5es, realizar cadastros e garantir seus direitos. O atendimento humanizado e as orienta\u00e7\u00f5es dos trabalhadores do CRAS s\u00e3o essenciais para que as pessoas compreendam melhor os servi\u00e7os dispon\u00edveis e como acess\u00e1-los.<\/p>\n<h2>Pr\u00f3ximos Passos e Mobiliza\u00e7\u00f5es Finais<\/h2>\n<p>Com o encerramento do ciclo comemorativo, \u00e9 imperativo que as a\u00e7\u00f5es continuem no sentido de levar o conhecimento sobre o Cad\u00danico para todas as fam\u00edlias. A mobiliza\u00e7\u00e3o na \u00faltima unidade, o CRAS de Nova Bras\u00edlia, est\u00e1 marcada para 29 de abril \u00e0s 08h30, e promete trazer mais esclarecimentos e garantir direitos aos cidad\u00e3os. A continuidade dessas a\u00e7\u00f5es \u00e9 essencial para que princ\u00edpios de inclus\u00e3o e cidadania se mantenham firmes na sociedade.<\/p>\n\n<div style=\"font-size: 0px; height: 0px; line-height: 0px; margin: 0; padding: 0; clear: both;\"><\/div>","protected":false},"excerpt":{"rendered":"<p>Alagoinhas celebra 25 anos do Cadastro \u00danico com mobiliza\u00e7\u00f5es e atividades nos CRAS.<\/p>\n","protected":false},"author":1,"featured_media":910,"comment_status":"open","ping_status":"closed","sticky":false,"template":"","format":"standard","meta":{"footnotes":""},"categories":[5],"tags":[],"class_list":["post-911","post","type-post","status-publish","format-standard","has-post-thumbnail","hentry","category-noticias-em-alagoinhas","has_thumb"],"aioseo_notices":[],"_links":{"self":[{"href":"https:\/\/www.encontraalagoinhas.com.br\/sobre\/wp-json\/wp\/v2\/posts\/911","targetHints":{"allow":["GET"]}}],"collection":[{"href":"https:\/\/www.encontraalagoinhas.com.br\/sobre\/wp-json\/wp\/v2\/posts"}],"about":[{"href":"https:\/\/www.encontraalagoinhas.com.br\/sobre\/wp-json\/wp\/v2\/types\/post"}],"author":[{"embeddable":true,"href":"https:\/\/www.encontraalagoinhas.com.br\/sobre\/wp-json\/wp\/v2\/users\/1"}],"replies":[{"embeddable":true,"href":"https:\/\/www.encontraalagoinhas.com.br\/sobre\/wp-json\/wp\/v2\/comments?post=911"}],"version-history":[{"count":0,"href":"https:\/\/www.encontraalagoinhas.com.br\/sobre\/wp-json\/wp\/v2\/posts\/911\/revisions"}],"wp:featuredmedia":[{"embeddable":true,"href":"https:\/\/www.encontraalagoinhas.com.br\/sobre\/wp-json\/wp\/v2\/media\/910"}],"wp:attachment":[{"href":"https:\/\/www.encontraalagoinhas.com.br\/sobre\/wp-json\/wp\/v2\/media?parent=911"}],"wp:term":[{"taxonomy":"category","embeddable":true,"href":"https:\/\/www.encontraalagoinhas.com.br\/sobre\/wp-json\/wp\/v2\/categories?post=911"},{"taxonomy":"post_tag","embeddable":true,"href":"https:\/\/www.encontraalagoinhas.com.br\/sobre\/wp-json\/wp\/v2\/tags?post=911"}],"curies":[{"name":"wp","href":"https:\/\/api.w.org\/{rel}","templated":true}]}}