{"id":901,"date":"2026-04-27T05:53:57","date_gmt":"2026-04-27T05:53:57","guid":{"rendered":"https:\/\/www.encontraalagoinhas.com.br\/sobre\/educacao-escola-do-campo-de-alagoinhas-inicia-oficialmente-suas-atividades\/"},"modified":"2026-04-27T05:53:57","modified_gmt":"2026-04-27T05:53:57","slug":"educacao-escola-do-campo-de-alagoinhas-inicia-oficialmente-suas-atividades","status":"publish","type":"post","link":"https:\/\/www.encontraalagoinhas.com.br\/sobre\/educacao-escola-do-campo-de-alagoinhas-inicia-oficialmente-suas-atividades\/","title":{"rendered":"Educa\u00e7\u00e3o: Escola do Campo de Alagoinhas inicia oficialmente suas atividades"},"content":{"rendered":"<div class=\"c3aec6c543aa9cbffec6112837d9060a\" data-index=\"1\" style=\"float: none; margin:0px;\">\n<!-- Anuncio display - global -->\r\n<ins class=\"adsbygoogle\"\r\n     style=\"display:block\"\r\n     data-ad-client=\"ca-pub-8585364105181520\"\r\n     data-ad-slot=\"8789329856\"\r\n     data-ad-format=\"auto\"\r\n     data-full-width-responsive=\"true\"><\/ins>\r\n<script>\r\n     (adsbygoogle = window.adsbygoogle || []).push({});\r\n<\/script>\n<\/div>\n<h2>Abertura da Escola do Campo<\/h2>\n<p>Na manh\u00e3 do dia 24 de abril de 2026, a educa\u00e7\u00e3o em Alagoinhas recebeu uma nova oportunidade com a abertura da Escola do Campo, situada \u00e0s margens da BR-101, pr\u00f3ximo \u00e0 sede da Pol\u00edcia Rodovi\u00e1ria Federal. Este evento inaugural foi especialmente organizado para os alunos do G4 ao 5\u00ba ano, proporcionando um ambiente de acolhimento que enfatiza a integra\u00e7\u00e3o, adapta\u00e7\u00e3o aos novos espa\u00e7os e introdu\u00e7\u00e3o ao plano pedag\u00f3gico, que se fundamenta na educa\u00e7\u00e3o em tempo integral.<\/p>\n<h2>Impacto na Educa\u00e7\u00e3o Local<\/h2>\n<p>A Escola do Campo representa um avan\u00e7o significativo na oferta educacional da regi\u00e3o, buscando atender n\u00e3o apenas \u00e0 demanda por educa\u00e7\u00e3o b\u00e1sica, mas tamb\u00e9m promovendo uma forma\u00e7\u00e3o que vai al\u00e9m do tradicional. A proposta visa adaptar-se \u00e0s necessidades locais, respeitando as ra\u00edzes culturais e sociais dos estudantes. O foco na educa\u00e7\u00e3o integral tem como objetivo transformar a realidade e proporcionar aos alunos uma forma\u00e7\u00e3o completa.<\/p>\n<h2>Aproxima\u00e7\u00e3o com a Comunidade<\/h2>\n<p>A inaugura\u00e7\u00e3o da escola n\u00e3o se limita apenas ao ato formal, mas tamb\u00e9m simboliza uma forte conex\u00e3o com a comunidade local. A proposta da Escola do Campo \u00e9 dialogar com as fam\u00edlias e com a cultura da regi\u00e3o, garantindo que as pr\u00e1ticas de ensino sejam relevantes e acess\u00edveis. Assim, a escola se torna um espa\u00e7o de conviv\u00eancia e aprendizado para todos.<\/p>\n<p><img decoding=\"async\" src=\"https:\/\/www.encontraalagoinhas.com.br\/sobre\/wp-content\/uploads\/2026\/04\/educacao-escola-do-campo-de-alagoinhas-inicia-oficialmente-suas-atividades.webp\" alt=\"Escola do Campo de Alagoinhas\" loading=\"lazy\" \/><\/p>\n<h2>Proposta de Ensino em Tempo Integral<\/h2>\n<p>Um dos aspectos mais atrativos da Escola do Campo \u00e9 sua abordagem de ensino em tempo integral. Isto se traduz em uma jornada escolar que abrange n\u00e3o apenas o conte\u00fado curricular tradicional, mas tamb\u00e9m atividades extracurriculares que fomentam o desenvolvimento integral dos alunos. Essa metodologia \u00e9 vista como uma forma de proporcionar mais seguran\u00e7a e organiza\u00e7\u00e3o na rotina das fam\u00edlias, al\u00e9m de oferecer m\u00faltiplas oportunidades de aprendizado.<\/p>\n<h2>Atividades Inaugurais e Recep\u00e7\u00e3o<\/h2>\n<p>As primeiras atividades da escola foram pensadas de forma l\u00fadica e acolhedora, com a realiza\u00e7\u00e3o de um caf\u00e9 da manh\u00e3 especial e diversas atividades recreativas. Ao longo do dia, os alunos participaram de oficinas de pintura e caminharam pelo terreno escolar, conhecendo suas instala\u00e7\u00f5es. Esse primeiro contato foi crucial para levar um sentimento de pertencimento e descontra\u00e7\u00e3o aos novos estudantes.<\/p>\n<h2>Depoimentos de Pais e Alunos<\/h2>\n<p>O entusiasmo pela abertura da escola foi evidente entre os pais e respons\u00e1veis. Rog\u00e9ria Silva, av\u00f3 de uma aluna, expressou sua satisfa\u00e7\u00e3o em ter escolhido uma escola p\u00fablica com uma proposta de tempos integrais. Ela comentou: &#8220;Lugar de crian\u00e7a \u00e9 na escola. Com essa mudan\u00e7a, minha neta estar\u00e1 ocupada durante o dia, o que me deixa mais tranquila para seguir com minhas obriga\u00e7\u00f5es\u201c.<\/p>\n<p>A vis\u00e3o de outros pais, como Sheila Silva, tamb\u00e9m mudou quando conheceram a infraestrutura e a proposta educacional da Escola do Campo. Inicialmente c\u00e9tica, Sheila tornou-se uma defensora ap\u00f3s ver pessoalmente o potencial educativo que a escola oferece: &#8220;A educa\u00e7\u00e3o de meu filho ganhou um novo significado com essa proposta; ele ter\u00e1 mais oportunidades de aprender e interagir&#8221;.<\/p>\n<h2>Import\u00e2ncia da Educa\u00e7\u00e3o de Qualidade<\/h2>\n<p>A cria\u00e7\u00e3o de institui\u00e7\u00f5es como a Escola do Campo \u00e9 um passo importante para garantir educa\u00e7\u00e3o de qualidade em regi\u00f5es menos privilegiadas. A proposta integral, que combina ensino acad\u00eamico com atividades culturais e esportivas, prepara os alunos para n\u00e3o apenas ter sucesso na escola, mas tamb\u00e9m para a vida, contribuindo para a forma\u00e7\u00e3o de cidad\u00e3os mais conscientes e atuantes em suas comunidades.<\/p>\n<h2>Vis\u00e3o dos Educadores sobre o Novo Ensino<\/h2>\n<p>Os educadores envolvidos veem a abertura da Escola do Campo como uma chance \u00fanica de promover um sistema educacional que valoriza todas as dimens\u00f5es do ser humano. Segundo a diretora pedag\u00f3gica Queila Oliveira, este dia n\u00e3o marca apenas o in\u00edcio das aulas, mas sim, a materializa\u00e7\u00e3o de um projeto que visa atender o verdadeiro potencial de cada aluno, proporcionando um acolhimento de qualidade.<\/p>\n<h2>Desafios e Expectativas para 2026<\/h2>\n<p>Com a nova proposta, surgem desafios a serem enfrentados, principalmente no que tange \u00e0 adapta\u00e7\u00e3o da comunidade e das fam\u00edlias ao novo sistema. Uma adapta\u00e7\u00e3o gradual de 20 dias foi planejada, onde apenas o turno da manh\u00e3 ser\u00e1 oferecido aos estudantes antes da implementa\u00e7\u00e3o total do regime integral. A expectativa \u00e9 que esta transi\u00e7\u00e3o ocorra de maneira suave, permitindo que todos se habituem ao novo modelo educacional.<\/p>\n<h2>O Futuro da Educa\u00e7\u00e3o no Campo<\/h2>\n<p>O futuro da educa\u00e7\u00e3o em Alagoinhas, especialmente nas \u00e1reas rurais, estar\u00e1 atrelado ao sucesso e continuidade de iniciativas como a Escola do Campo. O comprometimento de todos os envolvidos &#8211; educadores, fam\u00edlias e comunidade &#8211; ser\u00e1 fundamental para garantir que essa abordagem inovadora n\u00e3o apenas se mantenha, mas tamb\u00e9m se expanda, promovendo melhorias significativas na educa\u00e7\u00e3o local.<\/p>\n\n<div style=\"font-size: 0px; height: 0px; line-height: 0px; margin: 0; padding: 0; clear: both;\"><\/div>","protected":false},"excerpt":{"rendered":"<p>Escola do Campo de Alagoinhas transforma a educa\u00e7\u00e3o no munic\u00edpio.<\/p>\n","protected":false},"author":1,"featured_media":900,"comment_status":"open","ping_status":"closed","sticky":false,"template":"","format":"standard","meta":{"footnotes":""},"categories":[5],"tags":[],"class_list":["post-901","post","type-post","status-publish","format-standard","has-post-thumbnail","hentry","category-noticias-em-alagoinhas","has_thumb"],"aioseo_notices":[],"_links":{"self":[{"href":"https:\/\/www.encontraalagoinhas.com.br\/sobre\/wp-json\/wp\/v2\/posts\/901","targetHints":{"allow":["GET"]}}],"collection":[{"href":"https:\/\/www.encontraalagoinhas.com.br\/sobre\/wp-json\/wp\/v2\/posts"}],"about":[{"href":"https:\/\/www.encontraalagoinhas.com.br\/sobre\/wp-json\/wp\/v2\/types\/post"}],"author":[{"embeddable":true,"href":"https:\/\/www.encontraalagoinhas.com.br\/sobre\/wp-json\/wp\/v2\/users\/1"}],"replies":[{"embeddable":true,"href":"https:\/\/www.encontraalagoinhas.com.br\/sobre\/wp-json\/wp\/v2\/comments?post=901"}],"version-history":[{"count":0,"href":"https:\/\/www.encontraalagoinhas.com.br\/sobre\/wp-json\/wp\/v2\/posts\/901\/revisions"}],"wp:featuredmedia":[{"embeddable":true,"href":"https:\/\/www.encontraalagoinhas.com.br\/sobre\/wp-json\/wp\/v2\/media\/900"}],"wp:attachment":[{"href":"https:\/\/www.encontraalagoinhas.com.br\/sobre\/wp-json\/wp\/v2\/media?parent=901"}],"wp:term":[{"taxonomy":"category","embeddable":true,"href":"https:\/\/www.encontraalagoinhas.com.br\/sobre\/wp-json\/wp\/v2\/categories?post=901"},{"taxonomy":"post_tag","embeddable":true,"href":"https:\/\/www.encontraalagoinhas.com.br\/sobre\/wp-json\/wp\/v2\/tags?post=901"}],"curies":[{"name":"wp","href":"https:\/\/api.w.org\/{rel}","templated":true}]}}