{"id":899,"date":"2026-04-26T05:58:05","date_gmt":"2026-04-26T05:58:05","guid":{"rendered":"https:\/\/www.encontraalagoinhas.com.br\/sobre\/vamos-levar-a-saude-onde-ela-nao-chega-diz-vice\/"},"modified":"2026-04-26T05:58:05","modified_gmt":"2026-04-26T05:58:05","slug":"vamos-levar-a-saude-onde-ela-nao-chega-diz-vice","status":"publish","type":"post","link":"https:\/\/www.encontraalagoinhas.com.br\/sobre\/vamos-levar-a-saude-onde-ela-nao-chega-diz-vice\/","title":{"rendered":"\u201cVamos levar a sa\u00fade onde ela n\u00e3o chega\u201d, diz vice"},"content":{"rendered":"<div class=\"c3aec6c543aa9cbffec6112837d9060a\" data-index=\"1\" style=\"float: none; margin:0px;\">\n<!-- Anuncio display - global -->\r\n<ins class=\"adsbygoogle\"\r\n     style=\"display:block\"\r\n     data-ad-client=\"ca-pub-8585364105181520\"\r\n     data-ad-slot=\"8789329856\"\r\n     data-ad-format=\"auto\"\r\n     data-full-width-responsive=\"true\"><\/ins>\r\n<script>\r\n     (adsbygoogle = window.adsbygoogle || []).push({});\r\n<\/script>\n<\/div>\n<h2>Inova\u00e7\u00e3o na Sa\u00fade com Unidades M\u00f3veis<\/h2>\n<p>O vice-prefeito de Alagoinhas, ao assumir a Secretaria Municipal de Sa\u00fade, trouxe uma proposta inovadora com a implementa\u00e7\u00e3o de unidades m\u00f3veis de sa\u00fade. Esses \u00f4nibus ser\u00e3o equipados com todos os recursos necess\u00e1rios para prestar servi\u00e7os m\u00e9dicos, odontol\u00f3gicos e de enfermagem, al\u00e9m de vans dedicadas \u00e0 sa\u00fade bucal. O principal objetivo dessa iniciativa \u00e9 alcan\u00e7ar cerca de 65 comunidades, com uma significativa maioria delas localizada na \u00e1rea rural.<\/p>\n<p>Essa abordagem visa resolver um problema hist\u00f3rico de acesso \u00e0 sa\u00fade, garantindo que servi\u00e7os essenciais cheguem a regi\u00f5es que anteriormente eram desassistidas ou recebiam atendimentos irregulares. Essa estrat\u00e9gia promete aumentar exponencialmente a capacidade de atendimento, levando cuidados necess\u00e1rios \u00e0s popula\u00e7\u00f5es que realmente precisam.<\/p>\n<h2>Atendimento para Comunidades Rurais<\/h2>\n<p>Alagoinhas \u00e9 composta por diversas comunidades, sendo que aproximadamente 95% delas est\u00e3o situadas na zona rural. Dessa forma, as unidades m\u00f3veis de sa\u00fade t\u00eam um papel crucial em assegurar que a popula\u00e7\u00e3o rural tenha acesso a cuidados cont\u00ednuos e de qualidade. O planejamento visa criar um fluxo de atendimento que contribua significativamente para a sa\u00fade no campo.<\/p>\n<p><img decoding=\"async\" src=\"https:\/\/www.encontraalagoinhas.com.br\/sobre\/wp-content\/uploads\/2026\/04\/vamos-levar-a-saude-onde-ela-nao-chega-diz-vice.webp\" alt=\"sa\u00fade em Alagoinhas\" loading=\"lazy\" \/><\/p>\n<p>O vice-prefeito afirmou que a meta \u00e9 &#8220;preencher um vazio assistencial&#8221;, levando cuidados m\u00e9dicos onde antes havia uma lacuna. Essa a\u00e7\u00e3o n\u00e3o s\u00f3 ampliar\u00e1 o n\u00famero de atendimentos realizados, como tamb\u00e9m melhorar\u00e1 a sa\u00fade geral da comunidade ao proporcionar acesso constante a servi\u00e7os de sa\u00fade.<\/p>\n<h2>Fortalecimento do Consult\u00f3rio de Rua<\/h2>\n<p>Um dos projetos destacados na nova gest\u00e3o \u00e9 o fortalecimento do \u201cconsult\u00f3rio de rua\u201d, que \u00e9 destinado a atender pessoas em situa\u00e7\u00e3o de vulnerabilidade, como aquelas que vivem nas ruas da cidade. Esses consult\u00f3rios t\u00eam como fun\u00e7\u00e3o principal realizar consultas m\u00e9dicas, oferecer vacina\u00e7\u00e3o e realizar exames para uma popula\u00e7\u00e3o que frequentemente enfrenta obst\u00e1culos no acesso ao sistema de sa\u00fade convencional.<\/p>\n<p>Essa iniciativa \u00e9 fundamental pois busca dar visibilidade \u00e0 sa\u00fade da popula\u00e7\u00e3o historicamente ignorada, garantindo que todos, sem exce\u00e7\u00e3o, recebam aten\u00e7\u00e3o m\u00e9dica apropriada e digna.<\/p>\n<h2>Amplia\u00e7\u00e3o das Cirurgias no Hospital de Alagoinhas<\/h2>\n<p>Outra grande not\u00edcia \u00e9 a amplia\u00e7\u00e3o dos servi\u00e7os cir\u00fargicos tanto no Hospital de Alagoinhas quanto no Centro de Cirurgias Jud\u00e9lio Carmo. O vice-prefeito destacou que j\u00e1 existem dois programas ativos focados em cirurgias, muitos deles apoiados pelo governo federal, que est\u00e3o gerando um impacto positivo na sa\u00fade local.<\/p>\n<p>A amplia\u00e7\u00e3o inclui a introdu\u00e7\u00e3o de cirurgias bari\u00e1tricas, que beneficiar\u00e3o n\u00e3o somente os cidad\u00e3os de Alagoinhas, mas tamb\u00e9m aqueles que residem em cidades vizinhas. O hospital planeja atender uma parte significativa da demanda da microrregi\u00e3o, que abrange cerca de 18 munic\u00edpios. Isso representa um passo importante em dire\u00e7\u00e3o a uma sa\u00fade mais abrangente e completa.<\/p>\n<h2>A\u00c7\u00d5ES voltadas a Popula\u00e7\u00f5es Vulner\u00e1veis<\/h2>\n<p>A nova gest\u00e3o da sa\u00fade em Alagoinhas n\u00e3o se limita \u00e0 assist\u00eancia b\u00e1sica; h\u00e1 um foco especial em iniciativas voltadas para grupos vulner\u00e1veis. O &#8220;consult\u00f3rio de rua&#8221; \u00e9 um exemplo claro dessa dedica\u00e7\u00e3o, mas h\u00e1 muito mais por vir. Os programas est\u00e3o sendo planejados para atender \u00e0s necessidades espec\u00edficas de variados segmentos populacionais, garantindo que cada um receba informa\u00e7\u00e3o e servi\u00e7os adaptados \u00e0s suas realidades.<\/p>\n<p>Al\u00e9m disso, a expans\u00e3o dos servi\u00e7os de sa\u00fade bucais \u00e9 uma alternativa valiosa, especialmente considerando a import\u00e2ncia de cuidar da sa\u00fade bucal na promo\u00e7\u00e3o do bem-estar geral. O vice-prefeito enalteceu a import\u00e2ncia de incluir todos os cidad\u00e3os nas pol\u00edticas de sa\u00fade.<\/p>\n<h2>Enfrentando a Demanda Reprimida em Sa\u00fade<\/h2>\n<p>A gest\u00e3o tamb\u00e9m est\u00e1 se preparando para lidar com a demanda reprimida que existe por consultas e exames m\u00e9dicos. Est\u00e1 em curso um novo credenciamento para o Tratamento Fora do Domic\u00edlio (TFD). Com isso, espera-se reduzir o n\u00famero de pacientes que aguardam por atendimento, proporcionando um suporte essencial para aqueles que precisam de cuidados especializados.<\/p>\n<p>Esse enfoque \u00e9 fundamental para otimizar os processos dentro da sa\u00fade p\u00fablica e assegurar que os cidad\u00e3os tenham acesso r\u00e1pido e eficiente aos servi\u00e7os de sa\u00fade necess\u00e1rios, rompendo com as filas que historicamente t\u00eam sido um problema.<\/p>\n<h2>Import\u00e2ncia da Sa\u00fade Bucal no Programa<\/h2>\n<p>A sa\u00fade bucal \u00e9 uma parte essencial do cuidado integral \u00e0 sa\u00fade. A implementa\u00e7\u00e3o das novas vans de sa\u00fade bucal pretende n\u00e3o apenas tratar, mas tamb\u00e9m prevenir problemas de sa\u00fade que possam surgir devido \u00e0 falta de acesso a servi\u00e7os odontol\u00f3gicos. Essa \u00e9 uma iniciativa que promove a preven\u00e7\u00e3o e educa\u00e7\u00e3o em sa\u00fade, com o intuito de manter a sa\u00fade da popula\u00e7\u00e3o em um estado cont\u00ednuo de bem-estar.<\/p>\n<p>O vice-prefeito destacou a relev\u00e2ncia deste programa, enfatizando como a sa\u00fade bucal impacta diretamente na autoestima das pessoas e, consequentemente, na sua qualidade de vida.<\/p>\n<h2>Cirurgias Bari\u00e1tricas, um Novo Marco<\/h2>\n<p>A introdu\u00e7\u00e3o de cirurgias bari\u00e1tricas no Hospital de Alagoinhas marca uma nova era na oferta de servi\u00e7os m\u00e9dicos. Essa interven\u00e7\u00e3o n\u00e3o s\u00f3 atender\u00e1 a popula\u00e7\u00e3o local, mas tamb\u00e9m se estender\u00e1 aos munic\u00edpios vizinhos, garantindo que mais pessoas possam aproveitar este procedimento que pode ser transformador na luta contra a obesidade.<\/p>\n<p>Al\u00e9m de ajudar aqueles que sofrem com problemas de peso, essa a\u00e7\u00e3o envia uma mensagem clara de que a sa\u00fade \u00e9 uma prioridade e que a administra\u00e7\u00e3o est\u00e1 comprometida com o bem-estar de todos os cidad\u00e3os.<\/p>\n<h2>Compromisso com o Acesso \u00e0 Sa\u00fade<\/h2>\n<p>A gest\u00e3o atual da sa\u00fade em Alagoinhas tem demonstrado um compromisso inabal\u00e1vel em garantir que todos os cidad\u00e3os tenham acesso \u00e0 sa\u00fade. O vice-prefeito expressou sua confian\u00e7a na equipe dedicada e enfatizou a import\u00e2ncia da colabora\u00e7\u00e3o entre os profissionais de sa\u00fade para atingir esse objetivo.<\/p>\n<p>A integra\u00e7\u00e3o e a mobiliza\u00e7\u00e3o de recursos s\u00e3o essenciais para transformar essas inten\u00e7\u00f5es em a\u00e7\u00f5es concretas, alcan\u00e7ando efetivamente as diversas necessidades da popula\u00e7\u00e3o.<\/p>\n<h2>Planejamento Estrat\u00e9gico e Reorganiza\u00e7\u00e3o<\/h2>\n<p>O in\u00edcio da gest\u00e3o foi marcado por um forte planejamento estrat\u00e9gico e uma reorganiza\u00e7\u00e3o interna. O vice-prefeito comentou sobre a realiza\u00e7\u00e3o de v\u00e1rias reuni\u00f5es com a equipe, poderosas para construir um diagn\u00f3stico claro da situa\u00e7\u00e3o atual da sa\u00fade no munic\u00edpio. Isso \u00e9 crucial, pois somente com informa\u00e7\u00f5es precisas \u00e9 que se pode implementar pol\u00edticas p\u00fablicas efetivas.<\/p>\n<p>Este trabalho detalhado \u00e9 um passo fundamental para a constru\u00e7\u00e3o de um sistema de sa\u00fade que realmente funcione e atenda as demandas da popula\u00e7\u00e3o de maneira eficaz.<\/p>\n\n<div style=\"font-size: 0px; height: 0px; line-height: 0px; margin: 0; padding: 0; clear: both;\"><\/div>","protected":false},"excerpt":{"rendered":"<p>A sa\u00fade est\u00e1 finalmente onde ela n\u00e3o chegava em Alagoinhas.<\/p>\n","protected":false},"author":1,"featured_media":898,"comment_status":"open","ping_status":"closed","sticky":false,"template":"","format":"standard","meta":{"footnotes":""},"categories":[5],"tags":[],"class_list":["post-899","post","type-post","status-publish","format-standard","has-post-thumbnail","hentry","category-noticias-em-alagoinhas","has_thumb"],"aioseo_notices":[],"_links":{"self":[{"href":"https:\/\/www.encontraalagoinhas.com.br\/sobre\/wp-json\/wp\/v2\/posts\/899","targetHints":{"allow":["GET"]}}],"collection":[{"href":"https:\/\/www.encontraalagoinhas.com.br\/sobre\/wp-json\/wp\/v2\/posts"}],"about":[{"href":"https:\/\/www.encontraalagoinhas.com.br\/sobre\/wp-json\/wp\/v2\/types\/post"}],"author":[{"embeddable":true,"href":"https:\/\/www.encontraalagoinhas.com.br\/sobre\/wp-json\/wp\/v2\/users\/1"}],"replies":[{"embeddable":true,"href":"https:\/\/www.encontraalagoinhas.com.br\/sobre\/wp-json\/wp\/v2\/comments?post=899"}],"version-history":[{"count":0,"href":"https:\/\/www.encontraalagoinhas.com.br\/sobre\/wp-json\/wp\/v2\/posts\/899\/revisions"}],"wp:featuredmedia":[{"embeddable":true,"href":"https:\/\/www.encontraalagoinhas.com.br\/sobre\/wp-json\/wp\/v2\/media\/898"}],"wp:attachment":[{"href":"https:\/\/www.encontraalagoinhas.com.br\/sobre\/wp-json\/wp\/v2\/media?parent=899"}],"wp:term":[{"taxonomy":"category","embeddable":true,"href":"https:\/\/www.encontraalagoinhas.com.br\/sobre\/wp-json\/wp\/v2\/categories?post=899"},{"taxonomy":"post_tag","embeddable":true,"href":"https:\/\/www.encontraalagoinhas.com.br\/sobre\/wp-json\/wp\/v2\/tags?post=899"}],"curies":[{"name":"wp","href":"https:\/\/api.w.org\/{rel}","templated":true}]}}