{"id":895,"date":"2026-04-26T05:55:55","date_gmt":"2026-04-26T05:55:55","guid":{"rendered":"https:\/\/www.encontraalagoinhas.com.br\/sobre\/populacoes-de-alagoinhas-ba-e-salvador-ba-comecam-a-ser-atendidas-pelas-carretas-do-ministerio-da-saude\/"},"modified":"2026-04-26T05:55:55","modified_gmt":"2026-04-26T05:55:55","slug":"populacoes-de-alagoinhas-ba-e-salvador-ba-comecam-a-ser-atendidas-pelas-carretas-do-ministerio-da-saude","status":"publish","type":"post","link":"https:\/\/www.encontraalagoinhas.com.br\/sobre\/populacoes-de-alagoinhas-ba-e-salvador-ba-comecam-a-ser-atendidas-pelas-carretas-do-ministerio-da-saude\/","title":{"rendered":"POPULA\u00c7\u00d5ES DE ALAGOINHAS (BA) E SALVADOR (BA) COME\u00c7AM A SER ATENDIDAS PELAS CARRETAS DO MINIST\u00c9RIO DA SA\u00daDE"},"content":{"rendered":"<div class=\"c3aec6c543aa9cbffec6112837d9060a\" data-index=\"1\" style=\"float: none; margin:0px;\">\n<!-- Anuncio display - global -->\r\n<ins class=\"adsbygoogle\"\r\n     style=\"display:block\"\r\n     data-ad-client=\"ca-pub-8585364105181520\"\r\n     data-ad-slot=\"8789329856\"\r\n     data-ad-format=\"auto\"\r\n     data-full-width-responsive=\"true\"><\/ins>\r\n<script>\r\n     (adsbygoogle = window.adsbygoogle || []).push({});\r\n<\/script>\n<\/div>\n<h2>O que s\u00e3o as Carretas do Minist\u00e9rio da Sa\u00fade?<\/h2>\n<p>As Carretas do Minist\u00e9rio da Sa\u00fade s\u00e3o unidades m\u00f3veis que t\u00eam como finalidade levar servi\u00e7os de sa\u00fade \u00e0s popula\u00e7\u00f5es que t\u00eam dificuldade de acesso. Esta iniciativa faz parte do programa <strong>Agora Tem Especialistas<\/strong>, que visa disponibilizar exames e consultas de maneira mais r\u00e1pida e eficiente, especialmente em \u00e1reas remotas e em munic\u00edpios onde a assist\u00eancia m\u00e9dica \u00e9 limitada.<\/p>\n<h2>Como Funciona o Programa Agora Tem Especialistas?<\/h2>\n<p>O programa <strong>Agora Tem Especialistas<\/strong> acontece com a instala\u00e7\u00e3o de carretas em diversos estados do Brasil, permitindo que moradores de diferentes localidades possam realizar exames e obter diagn\u00f3sticos precoces. Cada carreta \u00e9 equipada com a infraestrutura necess\u00e1ria para realizar diversos tipos de exames e contar com a presen\u00e7a de uma equipe multidisciplinar de m\u00e9dicos e t\u00e9cnicos de sa\u00fade. Com um agendamento pr\u00e9vio, os cidad\u00e3os podem receber atendimentos especializados em diferentes \u00e1reas.<\/p>\n<h2>Servi\u00e7os Oferecidos nas Carretas em Alagoinhas<\/h2>\n<p>Na cidade de Alagoinhas, a carreta disponibiliza uma gama de servi\u00e7os voltados \u00e0 sa\u00fade feminina. Entre as atividades oferecidas, est\u00e3o:<\/p>\n<p><img decoding=\"async\" src=\"https:\/\/www.encontraalagoinhas.com.br\/sobre\/wp-content\/uploads\/2026\/04\/populacoes-de-alagoinhas-ba-e-salvador-ba-comecam-a-ser-atendidas-pelas-carretas-do-ministerio-da-sa-1.webp\" alt=\"carretas do Minist\u00e9rio da Sa\u00fade\" loading=\"lazy\" \/><\/p>\n<ul>\n<li><strong>Consultas ginecol\u00f3gicas:<\/strong> Avalia\u00e7\u00f5es completas de sa\u00fade da mulher que incluem exames preventivos.<\/li>\n<li><strong>Mamografias:<\/strong> Exames de imagem essenciais para o diagn\u00f3stico precoce do c\u00e2ncer de mama.<\/li>\n<li><strong>Ultrassonografias p\u00e9lvicas e transvaginais:<\/strong> Testes que ajudam na detec\u00e7\u00e3o de diversas condi\u00e7\u00f5es de sa\u00fade.<\/li>\n<li><strong>Bi\u00f3psias:<\/strong> Procedimentos realizados para obter amostras de tecidos para an\u00e1lise laboratorial.<\/li>\n<\/ul>\n<p>O foco principal \u00e9 a detec\u00e7\u00e3o precoce de canceres que afetam a sa\u00fade das mulheres, proporcionando um diagn\u00f3stico mais \u00e1gil e eficiente.<\/p>\n<h2>Atendimentos Dispon\u00edveis em Salvador<\/h2>\n<p>A carreta que atende a Salvador concentra-se em exames de imagem, oferecendo:<\/p>\n<ul>\n<li><strong>Tomografias diversas:<\/strong> Exames utilizados para visualizar o interior do corpo, auxiliando na defini\u00e7\u00e3o de tratamentos m\u00e9dicos.<\/li>\n<\/ul>\n<p>Esses exames s\u00e3o fundamentais para que os profissionais de sa\u00fade possam determinar diagn\u00f3sticos e propor interven\u00e7\u00f5es m\u00e9dicas adequadas.<\/p>\n<h2>A Import\u00e2ncia do Diagn\u00f3stico Precoce<\/h2>\n<p>O diagn\u00f3stico precoce \u00e9 essencial para aumentar as chances de tratamento eficaz e melhorar a qualidade de vida dos pacientes. Ao possibilitar que as pessoas tenham acesso a exames regulares e a aconselhamento m\u00e9dico, as Carretas do Minist\u00e9rio da Sa\u00fade desempenham um papel crucial na preven\u00e7\u00e3o de doen\u00e7as e na promo\u00e7\u00e3o de uma sa\u00fade de melhor qualidade.<\/p>\n<h2>Impacto das Carretas na Sa\u00fade P\u00fablica<\/h2>\n<p>As caravanas t\u00eam tido um impacto significativo na sa\u00fade p\u00fablica, uma vez que facilitam o acesso a servi\u00e7os que, de outra forma, poderiam estar inacess\u00edveis. Elas ajudam a aliviar a carga sobre hospitais e cl\u00ednicas locais e contribuem para a redu\u00e7\u00e3o do tempo de espera no Sistema \u00danico de Sa\u00fade (SUS).<\/p>\n<p>Com uma abordagem baseada na preven\u00e7\u00e3o e no diagn\u00f3stico precoce, essas unidades m\u00f3veis est\u00e3o combatendo doen\u00e7as que, caso tratadas tardiamente, poderiam levar a complica\u00e7\u00f5es s\u00e9rias ou at\u00e9 mesmo \u00e0 morte.<\/p>\n<h2>Hist\u00f3rico de Atendimento nas Cidades da Bahia<\/h2>\n<p>As carretas anteriormente realizaram atendimentos em diversas cidades da Bahia, incluindo:<\/p>\n<ul>\n<li>Senhor do Bonfim<\/li>\n<li>Paulo Afonso<\/li>\n<li>Eun\u00e1polis<\/li>\n<li>Teixeira de Freitas<\/li>\n<li>Itabuna<\/li>\n<li>Irec\u00ea<\/li>\n<li>Ibotirama<\/li>\n<li>Serrinha<\/li>\n<li>Barreiras<\/li>\n<li>Feira de Santana<\/li>\n<li>Cruz das Almas<\/li>\n<li>Ribeira do Pombal<\/li>\n<\/ul>\n<p>Esses munic\u00edpios se beneficiaram de servi\u00e7os que v\u00e3o desde atendimentos ginecol\u00f3gicos at\u00e9 avalia\u00e7\u00f5es oftalmol\u00f3gicas, contribuindo significativamente para a promo\u00e7\u00e3o da sa\u00fade na regi\u00e3o.<\/p>\n<h2>A\u00e7\u00f5es do Governo para Expandir o Acesso \u00e0 Sa\u00fade<\/h2>\n<p>O Governo Federal, atrav\u00e9s do programa <strong>Agora Tem Especialistas<\/strong>, est\u00e1 implementando diversas a\u00e7\u00f5es para ampliar o acesso \u00e0 sa\u00fade. Isso inclui:<\/p>\n<ul>\n<li>Mutir\u00f5es em finais de semana para aumentar a oferta de servi\u00e7os.<\/li>\n<li>A reativa\u00e7\u00e3o de espa\u00e7os ociosos em hospitais p\u00fablicos, otimizando recursos existentes.<\/li>\n<li>Aumento da jornada de atendimento nas policl\u00ednicas.<\/li>\n<li>Contrata\u00e7\u00e3o de mais m\u00e9dicos especialistas para atender \u00e0 demanda crescente.<\/li>\n<li>Parcerias com hospitais privados e filantr\u00f3picos para atender pacientes do SUS, facilitando a redu\u00e7\u00e3o de despesas para esses hospitais.<\/li>\n<\/ul>\n<h2>Depoimentos de Pacientes Atendidos<\/h2>\n<p>Pacientes atendidos nas carretas frequentemente relatam experi\u00eancias positivas, destacando a import\u00e2ncia desse atendimento acess\u00edvel. Muitos expressam gratid\u00e3o por terem conseguido realizar exames que, de outra forma, n\u00e3o estariam dispon\u00edveis devido a limita\u00e7\u00f5es financeiras ou \u00e0 dist\u00e2ncia de centros de sa\u00fade.<\/p>\n<h2>Futuro das Carretas de Sa\u00fade na Bahia<\/h2>\n<p>O futuro das Carretas de Sa\u00fade no estado da Bahia parece promissor, com planos para expandir ainda mais o alcance do programa. O governo est\u00e1 comprometido em garantir que mais comunidades se beneficiem dessa iniciativa, continuando a derrubar barreiras de acesso \u00e0 sa\u00fade e a promover uma melhor qualidade de vida para a popula\u00e7\u00e3o.<\/p>\n\n<div style=\"font-size: 0px; height: 0px; line-height: 0px; margin: 0; padding: 0; clear: both;\"><\/div>","protected":false},"excerpt":{"rendered":"<p>Carretas do Minist\u00e9rio da Sa\u00fade come\u00e7am a atender comunidades em Alagoinhas e Salvador com servi\u00e7os de sa\u00fade.<\/p>\n","protected":false},"author":1,"featured_media":894,"comment_status":"open","ping_status":"closed","sticky":false,"template":"","format":"standard","meta":{"footnotes":""},"categories":[5],"tags":[],"class_list":["post-895","post","type-post","status-publish","format-standard","has-post-thumbnail","hentry","category-noticias-em-alagoinhas","has_thumb"],"aioseo_notices":[],"_links":{"self":[{"href":"https:\/\/www.encontraalagoinhas.com.br\/sobre\/wp-json\/wp\/v2\/posts\/895","targetHints":{"allow":["GET"]}}],"collection":[{"href":"https:\/\/www.encontraalagoinhas.com.br\/sobre\/wp-json\/wp\/v2\/posts"}],"about":[{"href":"https:\/\/www.encontraalagoinhas.com.br\/sobre\/wp-json\/wp\/v2\/types\/post"}],"author":[{"embeddable":true,"href":"https:\/\/www.encontraalagoinhas.com.br\/sobre\/wp-json\/wp\/v2\/users\/1"}],"replies":[{"embeddable":true,"href":"https:\/\/www.encontraalagoinhas.com.br\/sobre\/wp-json\/wp\/v2\/comments?post=895"}],"version-history":[{"count":0,"href":"https:\/\/www.encontraalagoinhas.com.br\/sobre\/wp-json\/wp\/v2\/posts\/895\/revisions"}],"wp:featuredmedia":[{"embeddable":true,"href":"https:\/\/www.encontraalagoinhas.com.br\/sobre\/wp-json\/wp\/v2\/media\/894"}],"wp:attachment":[{"href":"https:\/\/www.encontraalagoinhas.com.br\/sobre\/wp-json\/wp\/v2\/media?parent=895"}],"wp:term":[{"taxonomy":"category","embeddable":true,"href":"https:\/\/www.encontraalagoinhas.com.br\/sobre\/wp-json\/wp\/v2\/categories?post=895"},{"taxonomy":"post_tag","embeddable":true,"href":"https:\/\/www.encontraalagoinhas.com.br\/sobre\/wp-json\/wp\/v2\/tags?post=895"}],"curies":[{"name":"wp","href":"https:\/\/api.w.org\/{rel}","templated":true}]}}