{"id":893,"date":"2026-04-25T05:55:53","date_gmt":"2026-04-25T05:55:53","guid":{"rendered":"https:\/\/www.encontraalagoinhas.com.br\/sobre\/escola-do-campo-e-inaugurada-em-alagoinhas-com-proposta-de-educacao-integral-e-valorizacao-das-comunidades-rurais\/"},"modified":"2026-04-25T05:55:53","modified_gmt":"2026-04-25T05:55:53","slug":"escola-do-campo-e-inaugurada-em-alagoinhas-com-proposta-de-educacao-integral-e-valorizacao-das-comunidades-rurais","status":"publish","type":"post","link":"https:\/\/www.encontraalagoinhas.com.br\/sobre\/escola-do-campo-e-inaugurada-em-alagoinhas-com-proposta-de-educacao-integral-e-valorizacao-das-comunidades-rurais\/","title":{"rendered":"Escola do Campo \u00e9 inaugurada em Alagoinhas com proposta de educa\u00e7\u00e3o integral e valoriza\u00e7\u00e3o das comunidades rurais"},"content":{"rendered":"<div class=\"c3aec6c543aa9cbffec6112837d9060a\" data-index=\"1\" style=\"float: none; margin:0px;\">\n<!-- Anuncio display - global -->\r\n<ins class=\"adsbygoogle\"\r\n     style=\"display:block\"\r\n     data-ad-client=\"ca-pub-8585364105181520\"\r\n     data-ad-slot=\"8789329856\"\r\n     data-ad-format=\"auto\"\r\n     data-full-width-responsive=\"true\"><\/ins>\r\n<script>\r\n     (adsbygoogle = window.adsbygoogle || []).push({});\r\n<\/script>\n<\/div>\n<h2>A Inaugura\u00e7\u00e3o da Escola do Campo<\/h2>\n<p>No dia 23 de abril de 2026, a <strong>Prefeitura de Alagoinhas<\/strong> anunciou a inaugura\u00e7\u00e3o da <strong>Escola do Campo<\/strong>, um novo espa\u00e7o educacional dedicado a atender alunos da zona rural. Este projeto visa proporcionar educa\u00e7\u00e3o integral a aproximadamente <strong>400 estudantes<\/strong>, expandindo as oportunidades de aprendizagem na regi\u00e3o.<\/p>\n<p>Localizada estrategicamente ao lado da Pol\u00edcia Rodovi\u00e1ria Federal na BR-101, a escola iniciou suas atividades com uma cerim\u00f4nia especial. Este evento incorporou um acolhimento voltado \u00e0s fam\u00edlias e \u00e0 comunidade local, reunindo autoridades pol\u00edticas, secret\u00e1rios, convidados e a imprensa em uma manh\u00e3 de celebra\u00e7\u00e3o e apresenta\u00e7\u00e3o da nova estrutura pedag\u00f3gica da institui\u00e7\u00e3o.<\/p>\n<h2>Objetivos da Escola Integral<\/h2>\n<p>A Escola do Campo foi concebida para n\u00e3o apenas oferecer forma\u00e7\u00e3o acad\u00eamica, mas tamb\u00e9m para fomentar um desenvolvimento integral do aluno. O prefeito Gustavo Carmo destacou a import\u00e2ncia de disponibilizar um ambiente educacional que priorize qualidade, seguran\u00e7a e perman\u00eancia dos alunos. Algumas das metas definidas incluem:<\/p>\n<p><img decoding=\"async\" src=\"https:\/\/www.encontraalagoinhas.com.br\/sobre\/wp-content\/uploads\/2026\/04\/escola-do-campo-e-inaugurada-em-alagoinhas-com-proposta-de-educacao-integral-e-valorizacao-das-comun.webp\" alt=\"Escola do Campo Alagoinhas\" loading=\"lazy\" \/><\/p>\n<ul>\n<li>Aumentar o \u00edndice de perman\u00eancia escolar com foco na qualidade do ensino.<\/li>\n<li>Reduzir a evas\u00e3o escolar a zero, proporcionando um apoio especial \u00e0s fam\u00edlias da zona rural.<\/li>\n<li>Integrar o ensino com atividades que desenvolvam habilidades interpessoais e cidad\u00e3s.<\/li>\n<\/ul>\n<h2>Benef\u00edcios da Educa\u00e7\u00e3o Rural<\/h2>\n<p>A cria\u00e7\u00e3o da Escola do Campo representa um grande passo para a valoriza\u00e7\u00e3o da educa\u00e7\u00e3o rural. Entre os benef\u00edcios esperados com a sua implanta\u00e7\u00e3o est\u00e3o:<\/p>\n<ul>\n<li><strong>Educa\u00e7\u00e3o Integral:<\/strong> O curr\u00edculo ser\u00e1 ampliado com disciplinas e atividades que estimulem o desenvolvimento integral do aluno.<\/li>\n<li><strong>Alimenta\u00e7\u00e3o e Transporte:<\/strong> Garantia de alimenta\u00e7\u00e3o adequada e transporte seguro para os alunos, proporcionando mais tranquilidade \u00e0s fam\u00edlias.<\/li>\n<li><strong>Forma\u00e7\u00e3o Cidad\u00e3:<\/strong> Com o objetivo de formar cidad\u00e3os conscientes, a escola incorporar\u00e1 conte\u00fados que abordem direitos e deveres dos cidad\u00e3os.<\/li>\n<\/ul>\n<h2>Compromisso com a Comunidade<\/h2>\n<p>A inaugura\u00e7\u00e3o da Escola do Campo tamb\u00e9m reflete um compromisso da gest\u00e3o p\u00fablica em fortalecer a comunidade rural. O vice-prefeito Luciano S\u00e9rgio mencionou o esfor\u00e7o coletivo para construir um espa\u00e7o que oferece n\u00e3o s\u00f3 educa\u00e7\u00e3o, mas tamb\u00e9m um ambiente inspirador. O local \u00e9 descrito como simbolicamente bonito e rico em detalhes, algo raro em institui\u00e7\u00f5es de ensino, ainda mais nas zonas rurais.<\/p>\n<h2>Ensino e Valoriza\u00e7\u00e3o da Cultura Local<\/h2>\n<p>O novo espa\u00e7o educacional n\u00e3o apenas seguir\u00e1 a grade curricular tradicional, mas tamb\u00e9m visa incluir elementos da cultura local. Isso significa que as atividades escolares ser\u00e3o interligadas com as viv\u00eancias e tradi\u00e7\u00f5es da comunidade. A forma\u00e7\u00e3o ser\u00e1 complementada com:<\/p>\n<ul>\n<li><strong>Oficinas culturais:<\/strong> As aulas incluir\u00e3o teatro, m\u00fasica, capoeira e outras manifesta\u00e7\u00f5es art\u00edsticas.<\/li>\n<li><strong>Diversidade Lingu\u00edstica:<\/strong> O ensino de l\u00ednguas estrangeiras ser\u00e1 promovido como parte da forma\u00e7\u00e3o integral.<\/li>\n<\/ul>\n<h2>Infraestrutura e Recursos Dispon\u00edveis<\/h2>\n<p>A escola conta com uma infraestrutura moderna e pensada para atender \u00e0s necessidades dos alunos. Durante a cerim\u00f4nia, a secret\u00e1ria municipal de Educa\u00e7\u00e3o, Rita Bastos, ressaltou a import\u00e2ncia da moderniza\u00e7\u00e3o das escolas rurais e a integra\u00e7\u00e3o de oito institui\u00e7\u00f5es escolares da regi\u00e3o, promovendo um modelo educacional que proporciona aprendizado cont\u00ednuo. As instala\u00e7\u00f5es incluem:<\/p>\n<ul>\n<li>Salas de aula equipadas para a pr\u00e1tica de diversas disciplinas.<\/li>\n<li>Espa\u00e7os apropriados para atividade f\u00edsica e cultural.<\/li>\n<li>Ambientes seguros e confort\u00e1veis, almejando sempre o melhor para a comunidade escolar.<\/li>\n<\/ul>\n<h2>Apoio \u00e0s Fam\u00edlias e Alunos<\/h2>\n<p>Uma das preocupa\u00e7\u00f5es da nova escola \u00e9 o envolvimento das fam\u00edlias no processo educacional. A diretora Dalira Santana afirmu que a equipe, composta por cerca de <strong>50 profissionais<\/strong>, vai trabalhar para garantir um ambiente acolhedor e seguro para todos os alunos. O objetivo \u00e9 que cada crian\u00e7a se sinta bem-vinda e confort\u00e1vel, criando um la\u00e7o de confian\u00e7a entre a escola e as fam\u00edlias.<\/p>\n<h2>O Impacto na Evas\u00e3o Escolar<\/h2>\n<p>Com esta nova abordagem, espera-se um impacto significativo na redu\u00e7\u00e3o dos \u00edndices de evas\u00e3o escolar. O projeto foca na perman\u00eancia e comprometimento dos alunos, atribuindo um papel fundamental \u00e0 comunidade escolar em geral. Medidas espec\u00edficas para evitar a evas\u00e3o incluem:<\/p>\n<ul>\n<li>Monitoramento cont\u00ednuo da frequ\u00eancia escolar.<\/li>\n<li>Programas de reintegra\u00e7\u00e3o para alunos que eventualmente abandonam os estudos.<\/li>\n<li>Desenvolvimento de estrat\u00e9gias de envolvimento familiar para apoiar a educa\u00e7\u00e3o dos filhos.<\/li>\n<\/ul>\n<h2>Depoimentos de Pais e Educadores<\/h2>\n<p>A repercuss\u00e3o entre os pais e educadores foi bastante positiva durante a inaugura\u00e7\u00e3o. Geruza Sousa Santos, m\u00e3e de dois alunos, acompanhou a obra e se mostrou satisfeita com as garantias de seguran\u00e7a e alimenta\u00e7\u00e3o. Para ela, \u00e9 fundamental que as escolas tenham um olhar atento \u00e0s necessidades das crian\u00e7as.<\/p>\n<p>M\u00e1rcia Batista de Santos, que tamb\u00e9m esteve presente, refor\u00e7ou a relev\u00e2ncia do suporte necess\u00e1rio para a educa\u00e7\u00e3o de sua filha diab\u00e9tica, ressaltando que a nova escola prometia um acompanhamento mais atento e qualificado. Esses depoimentos demonstram a confian\u00e7a que a nova estrutura est\u00e1 construindo junto \u00e0s fam\u00edlias.<\/p>\n<h2>Futuro Promissor para a Educa\u00e7\u00e3o em Alagoinhas<\/h2>\n<p>O investimento na Escola do Campo \u00e9 um reflexo do empenho da gest\u00e3o p\u00fablica em mudar a realidade da educa\u00e7\u00e3o em Alagoinhas, especialmente na zona rural. A expectativa \u00e9 que, com a implementa\u00e7\u00e3o deste modelo educacional, a educa\u00e7\u00e3o integral traga um impacto positivo significativo na vida das crian\u00e7as e jovens da localidade, promovendo uma gera\u00e7\u00e3o mais preparada e consciente.<\/p>\n\n<div style=\"font-size: 0px; height: 0px; line-height: 0px; margin: 0; padding: 0; clear: both;\"><\/div>","protected":false},"excerpt":{"rendered":"<p>Escola do Campo \u00e9 inaugurada em Alagoinhas, transformando a educa\u00e7\u00e3o rural para centenas de alunos.<\/p>\n","protected":false},"author":1,"featured_media":892,"comment_status":"open","ping_status":"closed","sticky":false,"template":"","format":"standard","meta":{"footnotes":""},"categories":[5],"tags":[],"class_list":["post-893","post","type-post","status-publish","format-standard","has-post-thumbnail","hentry","category-noticias-em-alagoinhas","has_thumb"],"aioseo_notices":[],"_links":{"self":[{"href":"https:\/\/www.encontraalagoinhas.com.br\/sobre\/wp-json\/wp\/v2\/posts\/893","targetHints":{"allow":["GET"]}}],"collection":[{"href":"https:\/\/www.encontraalagoinhas.com.br\/sobre\/wp-json\/wp\/v2\/posts"}],"about":[{"href":"https:\/\/www.encontraalagoinhas.com.br\/sobre\/wp-json\/wp\/v2\/types\/post"}],"author":[{"embeddable":true,"href":"https:\/\/www.encontraalagoinhas.com.br\/sobre\/wp-json\/wp\/v2\/users\/1"}],"replies":[{"embeddable":true,"href":"https:\/\/www.encontraalagoinhas.com.br\/sobre\/wp-json\/wp\/v2\/comments?post=893"}],"version-history":[{"count":0,"href":"https:\/\/www.encontraalagoinhas.com.br\/sobre\/wp-json\/wp\/v2\/posts\/893\/revisions"}],"wp:featuredmedia":[{"embeddable":true,"href":"https:\/\/www.encontraalagoinhas.com.br\/sobre\/wp-json\/wp\/v2\/media\/892"}],"wp:attachment":[{"href":"https:\/\/www.encontraalagoinhas.com.br\/sobre\/wp-json\/wp\/v2\/media?parent=893"}],"wp:term":[{"taxonomy":"category","embeddable":true,"href":"https:\/\/www.encontraalagoinhas.com.br\/sobre\/wp-json\/wp\/v2\/categories?post=893"},{"taxonomy":"post_tag","embeddable":true,"href":"https:\/\/www.encontraalagoinhas.com.br\/sobre\/wp-json\/wp\/v2\/tags?post=893"}],"curies":[{"name":"wp","href":"https:\/\/api.w.org\/{rel}","templated":true}]}}