{"id":891,"date":"2026-04-25T05:54:15","date_gmt":"2026-04-25T05:54:15","guid":{"rendered":"https:\/\/www.encontraalagoinhas.com.br\/sobre\/populacoes-de-alagoinhas-ba-e-salvador-ba-comecam-a-ser-atendidas-pelas-carretas-do-ministerio-da-saude-para-diagnostico-precoce-de-doencas\/"},"modified":"2026-04-25T05:54:15","modified_gmt":"2026-04-25T05:54:15","slug":"populacoes-de-alagoinhas-ba-e-salvador-ba-comecam-a-ser-atendidas-pelas-carretas-do-ministerio-da-saude-para-diagnostico-precoce-de-doencas","status":"publish","type":"post","link":"https:\/\/www.encontraalagoinhas.com.br\/sobre\/populacoes-de-alagoinhas-ba-e-salvador-ba-comecam-a-ser-atendidas-pelas-carretas-do-ministerio-da-saude-para-diagnostico-precoce-de-doencas\/","title":{"rendered":"Popula\u00e7\u00f5es de Alagoinhas (BA) e Salvador (BA) come\u00e7am a ser atendidas pelas carretas do Minist\u00e9rio da Sa\u00fade para diagn\u00f3stico precoce de doen\u00e7as"},"content":{"rendered":"<div class=\"c3aec6c543aa9cbffec6112837d9060a\" data-index=\"1\" style=\"float: none; margin:0px;\">\n<!-- Anuncio display - global -->\r\n<ins class=\"adsbygoogle\"\r\n     style=\"display:block\"\r\n     data-ad-client=\"ca-pub-8585364105181520\"\r\n     data-ad-slot=\"8789329856\"\r\n     data-ad-format=\"auto\"\r\n     data-full-width-responsive=\"true\"><\/ins>\r\n<script>\r\n     (adsbygoogle = window.adsbygoogle || []).push({});\r\n<\/script>\n<\/div>\n<h2>Como Funcionam as Carretas de Sa\u00fade<\/h2>\n<p>As carretas do programa <strong>Agora Tem Especialistas<\/strong>, promovido pelo Governo do Brasil, s\u00e3o unidades m\u00f3veis criadas para levar servi\u00e7os de sa\u00fade diretamente a popula\u00e7\u00f5es em diversas regi\u00f5es, especialmente onde o acesso a cuidados m\u00e9dicos \u00e9 limitado. Elas s\u00e3o equipadas com tecnologia avan\u00e7ada e uma equipe de profissionais da sa\u00fade, permitindo a realiza\u00e7\u00e3o de exames e atendimentos que, normalmente, exigiriam deslocamentos longos e esperas prolongadas nos hospitais.<\/p>\n<h2>Benef\u00edcios do Diagn\u00f3stico Precoce<\/h2>\n<p>Realizar diagn\u00f3sticos precoces \u00e9 crucial para o tratamento eficaz de diversas condi\u00e7\u00f5es de sa\u00fade. A detec\u00e7\u00e3o antecipada de doen\u00e7as, como c\u00e2ncer de mama e colo do \u00fatero, permite que os pacientes recebam interven\u00e7\u00f5es r\u00e1pidas que podem salvar vidas. Al\u00e9m disso, isso reduz o impacto de tratamentos mais agressivos, que muitas vezes s\u00e3o necess\u00e1rios quando a doen\u00e7a \u00e9 identificada em est\u00e1gios mais avan\u00e7ados.<\/p>\n<h2>Servi\u00e7os Ofertados em Alagoinhas<\/h2>\n<p>A unidade m\u00f3vel em Alagoinhas, na Bahia, oferece uma variedade de servi\u00e7os focados especialmente na sa\u00fade da mulher. Os atendimentos dispon\u00edveis incluem:<\/p>\n<p><img decoding=\"async\" src=\"https:\/\/www.encontraalagoinhas.com.br\/sobre\/wp-content\/uploads\/2026\/04\/populacoes-de-alagoinhas-ba-e-salvador-ba-comecam-a-ser-atendidas-pelas-carretas-do-ministerio-da-sa.webp\" alt=\"popula\u00e7\u00f5es de Alagoinhas e Salvador\" loading=\"lazy\" \/><\/p>\n<ul>\n<li><strong>Consultas Ginecol\u00f3gicas:<\/strong> Avalia\u00e7\u00f5es detalhadas da sa\u00fade reprodutiva.<\/li>\n<li><strong>Mamografias:<\/strong> Exames fundamentais para triagem de c\u00e2ncer de mama.<\/li>\n<li><strong>Ultrassonografias P\u00e9lvicas e Transvaginais:<\/strong> An\u00e1lises que ajudam a diagnosticar diversas condi\u00e7\u00f5es.<\/li>\n<li><strong>Bi\u00f3psias:<\/strong> Procedimentos para coleta de amostras para an\u00e1lises mais profundas.<\/li>\n<\/ul>\n<p>Esses servi\u00e7os s\u00e3o realizados com apoio de uma equipe multiprofissional, garantindo um atendimento de qualidade e humanizado.<\/p>\n<h2>Servi\u00e7os Ofertados em Salvador<\/h2>\n<p>Na capital baiana, Salvador, a carreta tamb\u00e9m est\u00e1 equipada para atender a popula\u00e7\u00e3o com procedimentos de diagn\u00f3stico importantes, incluindo:<\/p>\n<ul>\n<li><strong>Tomografias:<\/strong> Exames que permitem a an\u00e1lise detalhada do estado interno do corpo e s\u00e3o essenciais para a defini\u00e7\u00e3o de tratamentos m\u00e9dicos.<\/li>\n<\/ul>\n<p>A disponibilidade dessas funcionalidades em diferentes localidades promove um atendimento mais acess\u00edvel e eficiente para os moradores da cidade.<\/p>\n<h2>Impacto das Carretas na Sa\u00fade P\u00fablica<\/h2>\n<p>As carretas de sa\u00fade t\u00eam um impacto significativo na sa\u00fade p\u00fablica ao ampliar o acesso a servi\u00e7os m\u00e9dicos, especialmente em regi\u00f5es que tradicionalmente enfrentam dificuldades no atendimento. Com a utiliza\u00e7\u00e3o dessas unidades m\u00f3veis, o Governo do Brasil consegue atender \u00e0 demanda de sa\u00fade de maneira mais r\u00e1pida, reduzindo as filas e tempos de espera que s\u00e3o comuns em hospitais.<\/p>\n<h2>Testemunhos de Pacientes<\/h2>\n<p>Os relatos de pacientes que foram atendidos mostram a import\u00e2ncia e a efic\u00e1cia desses servi\u00e7os. Muitos destacam o atendimento especializado e a comodidade de realizar exames sem precisar se deslocar para longe de suas casas. Em suas palavras:<\/p>\n<blockquote><p>&#8220;Poder fazer meus exames na porta de casa foi uma grande facilidade. O atendimento foi excelente e n\u00e3o precisei esperar tanto quanto em hospitais tradicionais.&#8221;<\/p><\/blockquote>\n<p>Esses testemunhos refor\u00e7am a necessidade e a aceita\u00e7\u00e3o dessas iniciativas por parte da popula\u00e7\u00e3o.<\/p>\n<h2>O que Esperar Durante a Consulta<\/h2>\n<p>Durante a consulta nas carretas, os pacientes podem esperar um procedimento simples e acolhedor. O agendamento \u00e9 realizado atrav\u00e9s da Secretaria de Sa\u00fade local, garantindo que os atendimentos sejam organizados. Na chegada, haver\u00e1 uma triagem inicial, seguida pelo atendimento espec\u00edfico dependendo do exame ou consulta agendada.<\/p>\n<h2>Programa\u00e7\u00e3o das Carretas<\/h2>\n<p>A programa\u00e7\u00e3o das carretas varia de acordo com a demanda e as localidades atendidas. As cargas hor\u00e1rias s\u00e3o flex\u00edveis, sendo adaptadas para atingir mais pessoas, incluindo mutir\u00f5es aos fins de semana e a\u00e7\u00f5es em datas especiais, ampliando os hor\u00e1rios de atendimento para contemplar mais pacientes.<\/p>\n<h2>Comparativo com Atendimento Tradicional<\/h2>\n<p>Comparado ao atendimento tradicional em hospitais e cl\u00ednicas, as carretas oferecem experi\u00eancias \u00fanicas. Algumas das vantagens incluem:<\/p>\n<ul>\n<li><strong>Menos Tempo de Espera:<\/strong> Os exames e consultas s\u00e3o agendados, reduzindo longas filas.<\/li>\n<li><strong>Maior Acesso:<\/strong> A presen\u00e7a de servi\u00e7os em \u00e1reas de dif\u00edcil acesso promove a equidade no atendimento de sa\u00fade.<\/li>\n<li><strong>Conveni\u00eancia:<\/strong> Os servi\u00e7os s\u00e3o levados at\u00e9 as comunidades, facilitando a locomo\u00e7\u00e3o dos pacientes.<\/li>\n<\/ul>\n<h2>Futuro da Sa\u00fade M\u00f3vel no Brasil<\/h2>\n<p>O futuro das carretas de sa\u00fade no Brasil parece promissor. Com a cont\u00ednua demanda por servi\u00e7os de sa\u00fade acess\u00edveis e eficazes, o programa tem potencial para se expandir e atender a ainda mais munic\u00edpios. As inova\u00e7\u00f5es tecnol\u00f3gicas e a integra\u00e7\u00e3o de novos servi\u00e7os podem fazer parte de uma estrat\u00e9gia ampliada para melhorar a sa\u00fade p\u00fablica no pa\u00eds.<\/p>\n<p>A ideia \u00e9 que essas iniciativas n\u00e3o apenas resolvam problemas imediatos de sa\u00fade, mas que tamb\u00e9m inspirem pol\u00edticas p\u00fablicas mais abrangentes que priorizem a sa\u00fade como um direito acess\u00edvel para todos.<\/p>\n\n<div style=\"font-size: 0px; height: 0px; line-height: 0px; margin: 0; padding: 0; clear: both;\"><\/div>","protected":false},"excerpt":{"rendered":"<p>Popula\u00e7\u00f5es de Alagoinhas e Salvador agora t\u00eam acesso r\u00e1pido a exames diagn\u00f3sticos especializados.<\/p>\n","protected":false},"author":1,"featured_media":890,"comment_status":"open","ping_status":"closed","sticky":false,"template":"","format":"standard","meta":{"footnotes":""},"categories":[5],"tags":[],"class_list":["post-891","post","type-post","status-publish","format-standard","has-post-thumbnail","hentry","category-noticias-em-alagoinhas","has_thumb"],"aioseo_notices":[],"_links":{"self":[{"href":"https:\/\/www.encontraalagoinhas.com.br\/sobre\/wp-json\/wp\/v2\/posts\/891","targetHints":{"allow":["GET"]}}],"collection":[{"href":"https:\/\/www.encontraalagoinhas.com.br\/sobre\/wp-json\/wp\/v2\/posts"}],"about":[{"href":"https:\/\/www.encontraalagoinhas.com.br\/sobre\/wp-json\/wp\/v2\/types\/post"}],"author":[{"embeddable":true,"href":"https:\/\/www.encontraalagoinhas.com.br\/sobre\/wp-json\/wp\/v2\/users\/1"}],"replies":[{"embeddable":true,"href":"https:\/\/www.encontraalagoinhas.com.br\/sobre\/wp-json\/wp\/v2\/comments?post=891"}],"version-history":[{"count":0,"href":"https:\/\/www.encontraalagoinhas.com.br\/sobre\/wp-json\/wp\/v2\/posts\/891\/revisions"}],"wp:featuredmedia":[{"embeddable":true,"href":"https:\/\/www.encontraalagoinhas.com.br\/sobre\/wp-json\/wp\/v2\/media\/890"}],"wp:attachment":[{"href":"https:\/\/www.encontraalagoinhas.com.br\/sobre\/wp-json\/wp\/v2\/media?parent=891"}],"wp:term":[{"taxonomy":"category","embeddable":true,"href":"https:\/\/www.encontraalagoinhas.com.br\/sobre\/wp-json\/wp\/v2\/categories?post=891"},{"taxonomy":"post_tag","embeddable":true,"href":"https:\/\/www.encontraalagoinhas.com.br\/sobre\/wp-json\/wp\/v2\/tags?post=891"}],"curies":[{"name":"wp","href":"https:\/\/api.w.org\/{rel}","templated":true}]}}