{"id":883,"date":"2026-04-23T05:54:33","date_gmt":"2026-04-23T05:54:33","guid":{"rendered":"https:\/\/www.encontraalagoinhas.com.br\/sobre\/prefeito-gustavo-carmo-anuncia-pagamento-do-piso-nacional-do-magisterio\/"},"modified":"2026-04-23T05:54:33","modified_gmt":"2026-04-23T05:54:33","slug":"prefeito-gustavo-carmo-anuncia-pagamento-do-piso-nacional-do-magisterio","status":"publish","type":"post","link":"https:\/\/www.encontraalagoinhas.com.br\/sobre\/prefeito-gustavo-carmo-anuncia-pagamento-do-piso-nacional-do-magisterio\/","title":{"rendered":"Prefeito Gustavo Carmo anuncia pagamento do Piso Nacional do Magist\u00e9rio"},"content":{"rendered":"<div class=\"c3aec6c543aa9cbffec6112837d9060a\" data-index=\"1\" style=\"float: none; margin:0px;\">\n<!-- Anuncio display - global -->\r\n<ins class=\"adsbygoogle\"\r\n     style=\"display:block\"\r\n     data-ad-client=\"ca-pub-8585364105181520\"\r\n     data-ad-slot=\"8789329856\"\r\n     data-ad-format=\"auto\"\r\n     data-full-width-responsive=\"true\"><\/ins>\r\n<script>\r\n     (adsbygoogle = window.adsbygoogle || []).push({});\r\n<\/script>\n<\/div>\n<h2>An\u00fancio do pagamento do piso nacional<\/h2>\n<p>No dia 26 de mar\u00e7o de 2026, o prefeito de Alagoinhas, Gustavo Carmo, fez um importante an\u00fancio referente ao pagamento do piso nacional do magist\u00e9rio para os professores da rede municipal. A partir de abril, os educadores come\u00e7ar\u00e3o a receber o referido valor, junto ao reconhecimento das pend\u00eancias acumuladas nos meses anteriores. Essa decis\u00e3o t\u00e3o esperada demonstra um comprometimento com a valoriza\u00e7\u00e3o do profissional de educa\u00e7\u00e3o e busca garantir maior justi\u00e7a nas remunera\u00e7\u00f5es dos docentes.<\/p>\n<h2>Reuni\u00e3o com a equipe de gestores da educa\u00e7\u00e3o<\/h2>\n<p>A defini\u00e7\u00e3o sobre o pagamento foi acordada em uma reuni\u00e3o que contou com a presen\u00e7a da equipe da Secretaria de Educa\u00e7\u00e3o e da controladora geral do Munic\u00edpio, Menara Dami\u00e3o. Durante este encontro, foram discutidos todos os detalhes financeiros e organizacionais envolvidos na implementa\u00e7\u00e3o dessa decis\u00e3o, al\u00e9m de estrat\u00e9gias para informar e alinhar as expectativas com os sindicatos representativos da categoria. Essa articula\u00e7\u00e3o ressalta a import\u00e2ncia de uma gest\u00e3o transparente e colaborativa em quest\u00f5es t\u00e3o sens\u00edveis na educa\u00e7\u00e3o.<\/p>\n<h2>Import\u00e2ncia da valoriza\u00e7\u00e3o dos professores<\/h2>\n<p>A valoriza\u00e7\u00e3o dos educadores vai al\u00e9m do simples cumprimento de uma obriga\u00e7\u00e3o legal. Para a secret\u00e1ria de Educa\u00e7\u00e3o de Alagoinhas, Rita Bastos, a implementa\u00e7\u00e3o desse pagamento \u00e9 uma forma de reconhecimento ao papel fundamental que os professores exercem na forma\u00e7\u00e3o das novas gera\u00e7\u00f5es. A secret\u00e1ria enfatizou que &#8220;cumprir o piso \u00e9 um ato de valoriza\u00e7\u00e3o, pois nossos professores s\u00e3o o cora\u00e7\u00e3o da educa\u00e7\u00e3o municipal&#8221;. Essa afirma\u00e7\u00e3o reflete a vis\u00e3o de que a qualidade do ensino depende da valoriza\u00e7\u00e3o e do suporte dado aos profissionais que atuam nas salas de aula.<\/p>\n<p><img decoding=\"async\" src=\"https:\/\/www.encontraalagoinhas.com.br\/sobre\/wp-content\/uploads\/2026\/04\/prefeito-gustavo-carmo-anuncia-pagamento-do-piso-nacional-do-magisterio.webp\" alt=\"Piso Nacional do Magist\u00e9rio\" loading=\"lazy\" \/><\/p>\n<h2>Compromisso da gest\u00e3o com a educa\u00e7\u00e3o<\/h2>\n<p>O compromisso da gest\u00e3o municipal com a educa\u00e7\u00e3o \u00e9 evidenciado pelos esfor\u00e7os financeiros e a cautela em lidar com as quest\u00f5es or\u00e7ament\u00e1rias. O prefeito Gustavo Carmo destacou a necessidade de uma gest\u00e3o prudente, afirmando: &#8220;Apesar de todos os desafios fiscais, com prud\u00eancia e foco nas prioridades, vamos conseguir honrar o pagamento&#8221;. Essa vis\u00e3o a respeito da responsabilidade fiscal contrasta com a necessidade de cuidar do bem-estar e da motiva\u00e7\u00e3o dos educadores.<\/p>\n<h2>Detalhes sobre o retroativo a ser pago<\/h2>\n<p>Al\u00e9m do pagamento do piso, a administra\u00e7\u00e3o p\u00fablica ir\u00e1 quitar todo o retroativo referente aos meses de janeiro a mar\u00e7o. Esta medida visa assegurar que todos os profissionais sejam devidamente compensados pelo seu trabalho ao longo do tempo, promovendo assim uma justi\u00e7a salarial. O pagamento do retroativo representa um passo importante no reconhecimento das dificuldades enfrentadas pelos professores durante esse per\u00edodo de espera.<\/p>\n<h2>Impacto na vida dos educadores<\/h2>\n<p>A ado\u00e7\u00e3o do piso nacional do magist\u00e9rio tem um impacto direto na vida dos educadores. Este reconhecimento n\u00e3o apenas melhora a condi\u00e7\u00e3o financeira, mas tamb\u00e9m contribui para a valoriza\u00e7\u00e3o da carreira docente como um todo. A expectativa \u00e9 que os professores se sintam mais motivados, o que se reflete positivamente na qualidade do ensino proporcionado aos alunos. Al\u00e9m disso, essa medida pode influenciar na reten\u00e7\u00e3o de talentos, atraindo novos educadores para o munic\u00edpio.<\/p>\n<h2>Reconhecimento do trabalho dos profissionais da educa\u00e7\u00e3o<\/h2>\n<p>\u00c9 fundamental que os profissionais da educa\u00e7\u00e3o recebam n\u00e3o apenas a valoriza\u00e7\u00e3o financeira, mas tamb\u00e9m o reconhecimento social por sua dedica\u00e7\u00e3o. O trabalho incans\u00e1vel realizado em sala de aula, muitas vezes, passa despercebido pela sociedade. A administra\u00e7\u00e3o municipal reconhece que a valoriza\u00e7\u00e3o do professor deve ir al\u00e9m do pagamento; ela deve tamb\u00e9m ser refletida em um ambiente de respeito e apoio \u00e0s suas atividades pedag\u00f3gicas.<\/p>\n<h2>O que diz a Secretaria de Educa\u00e7\u00e3o<\/h2>\n<p>A Secretaria de Educa\u00e7\u00e3o de Alagoinhas, por meio de sua gestora, tem buscado constantemente implementar pol\u00edticas que favore\u00e7am a forma\u00e7\u00e3o cont\u00ednua dos professores e o aprimoramento das condi\u00e7\u00f5es de trabalho. \u201cA valoriza\u00e7\u00e3o que damos aos professores \u00e9 um compromisso que se traduz em a\u00e7\u00f5es pr\u00e1ticas, como o cumprimento do piso salarial e tamb\u00e9m na oferta de forma\u00e7\u00e3o e capacita\u00e7\u00e3o\u201d, afirmou Rita Bastos.<\/p>\n<h2>Expectativas para o futuro da educa\u00e7\u00e3o em Alagoinhas<\/h2>\n<p>As esperan\u00e7as em rela\u00e7\u00e3o ao futuro da educa\u00e7\u00e3o em Alagoinhas s\u00e3o altas. Com a regulariza\u00e7\u00e3o do pagamento do piso nacional, a expectativa \u00e9 que a qualidade da educa\u00e7\u00e3o se eleve, contribuindo n\u00e3o apenas para o desenvolvimento das crian\u00e7as e jovens, mas tamb\u00e9m para a melhoria geral dos \u00edndices educacionais da cidade. O investimento na educa\u00e7\u00e3o \u00e9, portanto, uma prioridade que deve se manter ao longo dos pr\u00f3ximos anos.<\/p>\n<h2>Como esse pagamento beneficia a comunidade escolar<\/h2>\n<p>O impacto das decis\u00f5es tomadas pela gest\u00e3o municipal reflete-se em toda a comunidade escolar. Com professores mais satisfeitos e motivados, os alunos tendem a se beneficiar de um ensino mais engajado e din\u00e2mico. Esse ciclo de valoriza\u00e7\u00e3o ajuda a criar um ambiente de aprendizado melhor, onde todos, desde a gest\u00e3o at\u00e9 os alunos e suas fam\u00edlias, s\u00e3o beneficiados. O fortalecimento do corpo docente se traduz em uma educa\u00e7\u00e3o de qualidade, essencial para o desenvolvimento sustent\u00e1vel da sociedade como um todo.<\/p>\n\n<div style=\"font-size: 0px; height: 0px; line-height: 0px; margin: 0; padding: 0; clear: both;\"><\/div>","protected":false},"excerpt":{"rendered":"<p>Prefeito Gustavo Carmo garante Piso Nacional do Magist\u00e9rio para professores de Alagoinhas.<\/p>\n","protected":false},"author":1,"featured_media":882,"comment_status":"open","ping_status":"closed","sticky":false,"template":"","format":"standard","meta":{"footnotes":""},"categories":[5],"tags":[],"class_list":["post-883","post","type-post","status-publish","format-standard","has-post-thumbnail","hentry","category-noticias-em-alagoinhas","has_thumb"],"aioseo_notices":[],"_links":{"self":[{"href":"https:\/\/www.encontraalagoinhas.com.br\/sobre\/wp-json\/wp\/v2\/posts\/883","targetHints":{"allow":["GET"]}}],"collection":[{"href":"https:\/\/www.encontraalagoinhas.com.br\/sobre\/wp-json\/wp\/v2\/posts"}],"about":[{"href":"https:\/\/www.encontraalagoinhas.com.br\/sobre\/wp-json\/wp\/v2\/types\/post"}],"author":[{"embeddable":true,"href":"https:\/\/www.encontraalagoinhas.com.br\/sobre\/wp-json\/wp\/v2\/users\/1"}],"replies":[{"embeddable":true,"href":"https:\/\/www.encontraalagoinhas.com.br\/sobre\/wp-json\/wp\/v2\/comments?post=883"}],"version-history":[{"count":0,"href":"https:\/\/www.encontraalagoinhas.com.br\/sobre\/wp-json\/wp\/v2\/posts\/883\/revisions"}],"wp:featuredmedia":[{"embeddable":true,"href":"https:\/\/www.encontraalagoinhas.com.br\/sobre\/wp-json\/wp\/v2\/media\/882"}],"wp:attachment":[{"href":"https:\/\/www.encontraalagoinhas.com.br\/sobre\/wp-json\/wp\/v2\/media?parent=883"}],"wp:term":[{"taxonomy":"category","embeddable":true,"href":"https:\/\/www.encontraalagoinhas.com.br\/sobre\/wp-json\/wp\/v2\/categories?post=883"},{"taxonomy":"post_tag","embeddable":true,"href":"https:\/\/www.encontraalagoinhas.com.br\/sobre\/wp-json\/wp\/v2\/tags?post=883"}],"curies":[{"name":"wp","href":"https:\/\/api.w.org\/{rel}","templated":true}]}}