{"id":578,"date":"2026-01-06T05:45:53","date_gmt":"2026-01-06T05:45:53","guid":{"rendered":"https:\/\/www.encontraalagoinhas.com.br\/sobre\/alagoinhas-ba-implanta-tarifa-zero-no-transporte-coletivo-aos-domingos-e-feriados\/"},"modified":"2026-01-06T05:45:53","modified_gmt":"2026-01-06T05:45:53","slug":"alagoinhas-ba-implanta-tarifa-zero-no-transporte-coletivo-aos-domingos-e-feriados","status":"publish","type":"post","link":"https:\/\/www.encontraalagoinhas.com.br\/sobre\/alagoinhas-ba-implanta-tarifa-zero-no-transporte-coletivo-aos-domingos-e-feriados\/","title":{"rendered":"Alagoinhas (BA) implanta Tarifa Zero no transporte coletivo aos domingos e feriados"},"content":{"rendered":"<div class=\"c3aec6c543aa9cbffec6112837d9060a\" data-index=\"1\" style=\"float: none; margin:0px;\">\n<!-- Anuncio display - global -->\r\n<ins class=\"adsbygoogle\"\r\n     style=\"display:block\"\r\n     data-ad-client=\"ca-pub-8585364105181520\"\r\n     data-ad-slot=\"8789329856\"\r\n     data-ad-format=\"auto\"\r\n     data-full-width-responsive=\"true\"><\/ins>\r\n<script>\r\n     (adsbygoogle = window.adsbygoogle || []).push({});\r\n<\/script>\n<\/div>\n<h2>Entenda a Novidade da Tarifa Zero<\/h2>\n<p>A implanta\u00e7\u00e3o da Tarifa Zero no transporte coletivo de Alagoinhas, na Bahia, representa uma inova\u00e7\u00e3o significativa nas pol\u00edticas de mobilidade urbana. A medida, que come\u00e7ou a valer a partir de 5 de janeiro de 2026, foi estabelecida por um decreto municipal com o intuito de garantir viagens gratuitas em \u00f4nibus nos domingos e feriados. O objetivo central dessa iniciativa \u00e9 proporcionar acessibilidade ao transporte p\u00fablico, especialmente nos dias em que as pessoas costumam se deslocar para lazer, visitas a familiares e eventos culturais.<\/p>\n<p>No contexto atual, muitos munic\u00edpios enfrentam desafios relacionados \u00e0 mobilidade e ao acesso a servi\u00e7os p\u00fablicos, e a introdu\u00e7\u00e3o da Tarifa Zero pode ser vista como um passo importante para atender a essas necessidades. Ao permitir que todos os cidad\u00e3os, independentemente de sua condi\u00e7\u00e3o financeira, possam utilizar o transporte p\u00fablico sem custo em determinados dias, a cidade promove a inclus\u00e3o social e melhora a qualidade de vida de seus habitantes.<\/p>\n<p>Al\u00e9m disso, a Tarifa Zero se alinha com as tend\u00eancias globais de transporte sustent\u00e1vel e acess\u00edvel, que buscam integrar diferentes modos de mobilidade e reduzir a depend\u00eancia de ve\u00edculos particulares. Assim, a iniciativa n\u00e3o apenas reitera o compromisso da administra\u00e7\u00e3o de Alagoinhas com a melhoria dos servi\u00e7os p\u00fablicos, mas tamb\u00e9m coloca a cidade em sintonia com as melhores pr\u00e1ticas de mobilidade urbana observadas em outras localidades do Brasil e do mundo.<\/p>\n<p><img decoding=\"async\" src=\"https:\/\/www.encontraalagoinhas.com.br\/sobre\/wp-content\/uploads\/2026\/01\/alagoinhas-ba-implanta-tarifa-zero-no-transporte-coletivo-aos-domingos-e-feriados.webp\" alt=\"Tarifa Zero no transporte coletivo\" loading=\"lazy\" \/><\/p>\n<h2>Benef\u00edcios da Gratuidade no Transporte<\/h2>\n<p>A implementa\u00e7\u00e3o da Tarifa Zero no transporte coletivo traz uma s\u00e9rie de benef\u00edcios que podem transformar a experi\u00eancia de mobilidade na cidade de Alagoinhas. Para come\u00e7ar, a gratuidade no transporte p\u00fablico nos domingos e feriados promove uma maior utiliza\u00e7\u00e3o do sistema de \u00f4nibus, o que pode resultar em um aumento na demanda e, consequentemente, na efici\u00eancia operacional do servi\u00e7o. Com mais pessoas utilizando o transporte coletivo, a cidade reduz a circula\u00e7\u00e3o de carros particulares, contribuindo para a diminui\u00e7\u00e3o do tr\u00e2nsito e da polui\u00e7\u00e3o.<\/p>\n<p>Outro benef\u00edcio evidente da tarifa zero \u00e9 a promo\u00e7\u00e3o do turismo local. Com viagens gratuitas, visitantes que estejam na cidade durante os finais de semana e feriados ter\u00e3o mais facilidade de acessar atra\u00e7\u00f5es, eventos culturais e espa\u00e7os p\u00fablicos. Isso pode incentivar uma maior circula\u00e7\u00e3o de recursos na economia local, beneficiando com\u00e9rcios e servi\u00e7os da regi\u00e3o.<\/p>\n<p>Al\u00e9m disso, a medida favorece a inclus\u00e3o de grupos vulner\u00e1veis, como idosos, pessoas com defici\u00eancia e fam\u00edlias de baixa renda, que muitas vezes enfrentam dificuldades para arcar com os custos do transporte. Com a elimina\u00e7\u00e3o dessa barreira financeira, a Tarifa Zero se torna uma ferramenta poderosa para promover equidade e garantir que todos os cidad\u00e3os tenham a oportunidade de participar plenamente da vida social e cultural da cidade.<\/p>\n<h2>Impacto na Mobilidade Urbana<\/h2>\n<p>A introdu\u00e7\u00e3o da Tarifa Zero no transporte coletivo de Alagoinhas ir\u00e1 gerar um impacto significativo na mobilidade urbana. Estudos demonstram que a oferta de transporte gratuito em determinadas circunst\u00e2ncias pode aumentar a taxa de utiliza\u00e7\u00e3o do transporte p\u00fablico, resultando em um verdadeiro revolu\u00e7\u00e3o na forma como a popula\u00e7\u00e3o se desloca pela cidade.<\/p>\n<p>Com um n\u00famero maior de pessoas optando pelo \u00f4nibus em vez de ve\u00edculos particulares, observa-se uma redu\u00e7\u00e3o no tr\u00e1fego urbano, especialmente em dias de maior movimento, como os domingos e feriados. Isso leva a um ambiente mais amig\u00e1vel e seguro para pedestres e ciclistas, uma vez que h\u00e1 menos ve\u00edculos na rua. Al\u00e9m disso, um sistema de transporte coletivo mais eficiente pode contribuir para diminuir os n\u00edveis de estresse associados ao deslocamento di\u00e1rio, proporcionando \u00e0 popula\u00e7\u00e3o uma experi\u00eancia mais tranquila.<\/p>\n<p>Haver\u00e1 tamb\u00e9m um fortalecimento na conex\u00e3o entre diferentes \u00e1reas da cidade, uma vez que mais pessoas utilizar\u00e3o as linhas de \u00f4nibus para acessar diversas regi\u00f5es. A sensibilidade para a cria\u00e7\u00e3o de rotas que atendam eficazmente as principais necessidades de deslocamento da popula\u00e7\u00e3o ser\u00e1, portanto, essencial. A experi\u00eancia positiva com o transporte coletivo nos dias gratuitos pode incentivar mais pessoas a utilizar o \u00f4nibus em outros dias da semana, mesmo quando s\u00e3o cobradas as tarifas.<\/p>\n<h2>Acesso Facilitado a Atividades Culturais<\/h2>\n<p>Com a gratuidade das passagens nos domingos e feriados, a Tarifa Zero n\u00e3o s\u00f3 facilita o acesso \u00e0s atividades culturais, mas tamb\u00e9m estimula a vitalidade cultural de Alagoinhas. A proposta de aumentar a utiliza\u00e7\u00e3o do transporte p\u00fablico pode encorajar a visita a museus, teatros, feiras e eventos que ocorrem na cidade, permitindo que um n\u00famero maior de pessoas experimente e interaja com a cultura local.<\/p>\n<p>Por exemplo, com a tarifa zero, feriados que costumam ter programa\u00e7\u00e3o especial, como o Dia da Independ\u00eancia ou Festas Juninas, se transformam em oportunidades para que as fam\u00edlias se desloquem at\u00e9 os locais de festividade sem se preocupar com custos adicionais. Isso, a longo prazo, pode atrair investimentos para eventos culturais, al\u00e9m de aumentar a participa\u00e7\u00e3o da comunidade e a aprecia\u00e7\u00e3o pela cultura local.<\/p>\n<p>\u00c9 importante ressaltar que o governo municipal dever\u00e1 promover campanhas e parcerias com institui\u00e7\u00f5es culturais para garantir que a popula\u00e7\u00e3o tome conhecimento das diversas atividades que poder\u00e3o ser acessadas de forma gratuita ou com descontos especiais nos dias de Tarifa Zero. Assim, o impacto positivo se amplia, ao unir o transporte p\u00fablico com a promo\u00e7\u00e3o da cultura e da intera\u00e7\u00e3o social.<\/p>\n<h2>Declara\u00e7\u00f5es do Prefeito sobre a Medida<\/h2>\n<p>O prefeito de Alagoinhas, Gustavo Carmo, expressou seu entusiasmo ao anunciar a implementa\u00e7\u00e3o da Tarifa Zero. Em suas declara\u00e7\u00f5es, ele destacou que essa medida \u00e9 um avan\u00e7o consider\u00e1vel nas pol\u00edticas de inclus\u00e3o social e mobilidade urbana da cidade. O prefeito frisou que \u201ca gratuidade nas passagens permitir\u00e1 um maior envolvimento da comunidade em atividades sociais e culturais, al\u00e9m de facilitar o acesso de nossas crian\u00e7as e jovens \u00e0s oportunidades educativas e recreativas.\u201d<\/p>\n<p>Gustavo Carmo tamb\u00e9m enfatizou a import\u00e2ncia da Tarifa Zero para a promo\u00e7\u00e3o da cidadania e da conviv\u00eancia comunit\u00e1ria. Car\u00e1ter social n\u00e3o \u00e9 apenas uma meta, mas um valor fundamental para a administra\u00e7\u00e3o municipal. Com isso, Carmo espera que essa iniciativa se torne um exemplo para outras cidades, mostrando que \u00e9 poss\u00edvel implementar mudan\u00e7as significativas na mobilidade urbana que beneficiem a todos.<\/p>\n<p>Al\u00e9m disso, o secret\u00e1rio municipal de Mobilidade Urbana e Ordem P\u00fablica, Hilton Ribeiro, corroborou as declara\u00e7\u00f5es do prefeito, destacando que a gratuidade nos \u00f4nibus traz um marco para a mobilidade local, ao propiciar liberdade de movimenta\u00e7\u00e3o e facilidade no deslocamento, sendo uma medida que beneficia tanto moradores quanto turistas.<\/p>\n<h2>Como a Tarifa Zero Afeta os Turistas<\/h2>\n<p>A Tarifa Zero no transporte coletivo de Alagoinhas tem um impacto positivo n\u00e3o apenas para os moradores, mas tamb\u00e9m para os turistas que visitam a cidade. Ao eliminar as tarifas de \u00f4nibus nos domingos e feriados, a cidade se torna um destino mais atrativo para visitantes, que geralmente buscam praticidade e economia durante a viagem.<\/p>\n<p>Os turistas poder\u00e3o explorar Alagoinhas mais livremente, visitando pontos tur\u00edsticos, restaurantes e eventos culturais sem o custo adicional do transporte p\u00fablico. Isso \u00e9 especialmente necess\u00e1rio em um cen\u00e1rio onde as despesas acumuladas durante uma viagem podem impactar o or\u00e7amento dos visitantes. Com as passagens gratuitas, o acesso a locais de interesse na cidade se torna simples e diretivo.<\/p>\n<p>Al\u00e9m disso, essa medida pode ajudar a promover a cidade como um destino tur\u00edstico, atraindo pessoas de outras regi\u00f5es da Bahia que possam estar buscando novas experi\u00eancias. Torna-se uma oportunidade para a cidade demonstrar suas belezas, cultura e tradi\u00e7\u00f5es, potencializando as refer\u00eancias positivas para o futuro do turismo local.<\/p>\n<h2>Expectativas de Aumento no Uso de \u00d4nibus<\/h2>\n<p>Uma das expectativas mais otimistas em rela\u00e7\u00e3o \u00e0 Tarifa Zero \u00e9 o aumento no n\u00famero de passageiros utilizando o sistema de \u00f4nibus da cidade. A elimina\u00e7\u00e3o do custo pode rapidamente impulsionar as passagens, levando a um fluxo de mais usu\u00e1rios nos transportes coletivos. Isso pode, por sua vez, gerar um efeito positivo na sustentabilidade do sistema, promovendo melhorias no servi\u00e7o e um maior interesse em potencial investimento e moderniza\u00e7\u00e3o.<\/p>\n<p>O aumento da utiliza\u00e7\u00e3o do transporte p\u00fablico pode resultar em um ciclo virtuoso: mais passageiros podem justificar a amplia\u00e7\u00e3o das linhas, das frequ\u00eancias e das melhorias na infraestrutura, tornando o coletivo mais atrativo a longas dist\u00e2ncias e contribuindo para uma mobilidade urbana mais eficiente. A possibilidade de criar parcerias com iniciativas locais e aumentar o monitoramento das rotas podem tamb\u00e9m ganhar for\u00e7a devido ao aumento do uso.<\/p>\n<p>Al\u00e9m disso, com os \u00f4nibus mais cheios, a qualidade do servi\u00e7o pode se beneficiar, pois h\u00e1 uma maior perspectiva de retorno sobre o investimento feito pela administra\u00e7\u00e3o p\u00fablica em infraestrutura e servi\u00e7os relacionados ao transporte. Nesse sentido, a Tarifa Zero n\u00e3o \u00e9 apenas uma medida isolada, mas parte de um planejamento mais amplo para transformar Alagoinhas em uma cidade mais conectada e sustent\u00e1vel.<\/p>\n<h2>Contribui\u00e7\u00e3o para a Inclus\u00e3o Social<\/h2>\n<p>A Tarifa Zero desempenha um papel fundamental na conquista da inclus\u00e3o social em Alagoinhas. O acesso gratuito ao transporte p\u00fablico representa uma oportunidade de democratizar a mobilidade, garantindo que todos os cidad\u00e3os, independentemente de sua condi\u00e7\u00e3o econ\u00f4mica, possam se deslocar livremente pela cidade. Isso \u00e9 especialmente relevante para um pa\u00eds como o Brasil, onde a desigualdade social ainda \u00e9 um desafio significativo.<\/p>\n<p>Com a tarifa zero, um n\u00famero maior de pessoas poder\u00e1 participar de atividades que antes poderiam parecer inacess\u00edveis devido ao custo do transporte. Isso abrange desde eventos culturais at\u00e9 consultas m\u00e9dicas e oportunidades de emprego, todas essenciais para a melhoria da qualidade de vida da popula\u00e7\u00e3o. A medida, portanto, n\u00e3o apenas facilita o deslocamento, mas tamb\u00e9m fomenta o desenvolvimento social ao abrir portas para experi\u00eancias e oportunidades que poderiam estar fora de alcance.<\/p>\n<p>Al\u00e9m disso, a prefeitura precisar\u00e1 atentar para a sensibiliza\u00e7\u00e3o e educa\u00e7\u00e3o da popula\u00e7\u00e3o, orientando sobre como utilizar o transporte p\u00fablico e aproveitando ao m\u00e1ximo as oportunidades que a Tarifa Zero traz. A inclus\u00e3o social deve ser vista n\u00e3o s\u00f3 como um governo que promove servi\u00e7os, mas tamb\u00e9m como um esfor\u00e7o pela empoderamento da popula\u00e7\u00e3o.<\/p>\n<h2>Desafios e Oportunidades do Novo Sistema<\/h2>\n<p>Embora a Tarifa Zero traga benef\u00edcios significativos, tamb\u00e9m apresenta desafios que a administra\u00e7\u00e3o municipal deve enfrentar. A gratuidade das passagens poder\u00e1 gerar um aumento na demanda e, consequentemente, a necessidade de balancear a oferta e a demanda de forma eficaz. \u00c9 importante que a infraestrutura, rotas e frequ\u00eancias sejam suficientemente robustas para atender o aumento esperado no n\u00famero de passageiros.<\/p>\n<p>Outro desafio a ser considerado diz respeito ao financiamento do sistema. A gratuidade pode elevar quest\u00f5es sobre como manter a opera\u00e7\u00e3o sem comprometer a qualidade dos servi\u00e7os. Assim, a administra\u00e7\u00e3o necessita buscar parcerias e alternativas que garantam a sustentabilidade da medida a longo prazo, por exemplo, por meio de patroc\u00ednios e colabora\u00e7\u00f5es com o setor privado.<\/p>\n<p>No entanto, essas quest\u00f5es tamb\u00e9m apresentam oportunidades. O aumento do uso de transporte coletivo poder\u00e1 atrair investidores e parcerias, al\u00e9m de fomentar o desenvolvimento de novas linhas e servi\u00e7os, refletindo na melhoria de infraestrutura urbana e na qualidade de vida na cidade. A gest\u00e3o proativa da Tarifa Zero pode se traduzir em um modelo refer\u00eancia para outras cidades que buscam implementar solu\u00e7\u00f5es semelhantes em suas realidades.<\/p>\n<h2>O Papel da Prefeitura na Mobilidade Coletiva<\/h2>\n<p>A administra\u00e7\u00e3o municipal desempenha um papel decisivo na implementa\u00e7\u00e3o e sucesso da Tarifa Zero. \u00c9 fundamental que a prefeitura n\u00e3o apenas promova a gratuidade das passagens, mas tamb\u00e9m se empenhe em garantir que a infraestrutura de transporte coletivo seja adequada e funcional. Isso implica verificar a expans\u00e3o de linhas, incrementar a frequ\u00eancia dos \u00f4nibus e monitorar a qualidade do servi\u00e7o prestado.<\/p>\n<p>Al\u00e9m disso, a prefeitura tem a responsabilidade de realizar campanhas de conscientiza\u00e7\u00e3o junto \u00e0 popula\u00e7\u00e3o sobre as rotas dispon\u00edveis, hor\u00e1rios e todas as vantagens da utiliza\u00e7\u00e3o do transporte p\u00fablico. Envolver a comunidade \u00e9 essencial para que as mudan\u00e7as sejam percebidas como um benef\u00edcio real e acess\u00edvel para todos. Dessa maneira, a\u00e7\u00f5es de sensibiliza\u00e7\u00e3o cont\u00ednuas e integradas ao cotidiano da popula\u00e7\u00e3o fortalecer\u00e3o o uso do transporte coletivo.<\/p>\n<p>Outro aspecto importante \u00e9 o acompanhamento e avalia\u00e7\u00e3o da efic\u00e1cia da medida. As autoridades municipais dever\u00e3o coletar dados sobre o uso do sistema, monitorar a satisfa\u00e7\u00e3o dos passageiros e realizar ajustes conforme necess\u00e1rio para aprimorar a experi\u00eancia de transporte.. Assim, a gest\u00e3o da mobilidade torna-se um processo din\u00e2mico, que se adapta \u00e0s necessidades da popula\u00e7\u00e3o, promovendo a evolu\u00e7\u00e3o cont\u00ednua do sistema.<\/p>\n\n<div style=\"font-size: 0px; height: 0px; line-height: 0px; margin: 0; padding: 0; clear: both;\"><\/div>","protected":false},"excerpt":{"rendered":"<p>Tarifa Zero em Alagoinhas garante transporte p\u00fablico gratuito aos domingos e feriados.<\/p>\n","protected":false},"author":1,"featured_media":577,"comment_status":"open","ping_status":"closed","sticky":false,"template":"","format":"standard","meta":{"footnotes":""},"categories":[5],"tags":[],"class_list":["post-578","post","type-post","status-publish","format-standard","has-post-thumbnail","hentry","category-noticias-em-alagoinhas","has_thumb"],"aioseo_notices":[],"_links":{"self":[{"href":"https:\/\/www.encontraalagoinhas.com.br\/sobre\/wp-json\/wp\/v2\/posts\/578","targetHints":{"allow":["GET"]}}],"collection":[{"href":"https:\/\/www.encontraalagoinhas.com.br\/sobre\/wp-json\/wp\/v2\/posts"}],"about":[{"href":"https:\/\/www.encontraalagoinhas.com.br\/sobre\/wp-json\/wp\/v2\/types\/post"}],"author":[{"embeddable":true,"href":"https:\/\/www.encontraalagoinhas.com.br\/sobre\/wp-json\/wp\/v2\/users\/1"}],"replies":[{"embeddable":true,"href":"https:\/\/www.encontraalagoinhas.com.br\/sobre\/wp-json\/wp\/v2\/comments?post=578"}],"version-history":[{"count":0,"href":"https:\/\/www.encontraalagoinhas.com.br\/sobre\/wp-json\/wp\/v2\/posts\/578\/revisions"}],"wp:featuredmedia":[{"embeddable":true,"href":"https:\/\/www.encontraalagoinhas.com.br\/sobre\/wp-json\/wp\/v2\/media\/577"}],"wp:attachment":[{"href":"https:\/\/www.encontraalagoinhas.com.br\/sobre\/wp-json\/wp\/v2\/media?parent=578"}],"wp:term":[{"taxonomy":"category","embeddable":true,"href":"https:\/\/www.encontraalagoinhas.com.br\/sobre\/wp-json\/wp\/v2\/categories?post=578"},{"taxonomy":"post_tag","embeddable":true,"href":"https:\/\/www.encontraalagoinhas.com.br\/sobre\/wp-json\/wp\/v2\/tags?post=578"}],"curies":[{"name":"wp","href":"https:\/\/api.w.org\/{rel}","templated":true}]}}