{"id":524,"date":"2025-12-10T09:07:00","date_gmt":"2025-12-10T09:07:00","guid":{"rendered":"https:\/\/www.encontraalagoinhas.com.br\/sobre\/alagoinhas-inicia-vacinacao-de-gestantes-contra-bronquiolite\/"},"modified":"2025-12-10T09:07:00","modified_gmt":"2025-12-10T09:07:00","slug":"alagoinhas-inicia-vacinacao-de-gestantes-contra-bronquiolite","status":"publish","type":"post","link":"https:\/\/www.encontraalagoinhas.com.br\/sobre\/alagoinhas-inicia-vacinacao-de-gestantes-contra-bronquiolite\/","title":{"rendered":"Alagoinhas inicia vacina\u00e7\u00e3o de gestantes contra bronquiolite"},"content":{"rendered":"<div class=\"c3aec6c543aa9cbffec6112837d9060a\" data-index=\"1\" style=\"float: none; margin:0px;\">\n<!-- Anuncio display - global -->\r\n<ins class=\"adsbygoogle\"\r\n     style=\"display:block\"\r\n     data-ad-client=\"ca-pub-8585364105181520\"\r\n     data-ad-slot=\"8789329856\"\r\n     data-ad-format=\"auto\"\r\n     data-full-width-responsive=\"true\"><\/ins>\r\n<script>\r\n     (adsbygoogle = window.adsbygoogle || []).push({});\r\n<\/script>\n<\/div>\n<h2>O que \u00e9 Bronquiolite e como ela afeta os rec\u00e9m-nascidos?<\/h2>\n<p>A bronquiolite \u00e9 uma infec\u00e7\u00e3o respirat\u00f3ria comum que atinge especialmente crian\u00e7as pequenas, sendo particularmente grave em rec\u00e9m-nascidos e em beb\u00eas com menos de dois anos. Essa condi\u00e7\u00e3o \u00e9 geralmente causada pelo v\u00edrus sincicial respirat\u00f3rio (VSR), que provoca a inflama\u00e7\u00e3o e obstru\u00e7\u00e3o dos bronqu\u00edolos, as pequenas vias a\u00e9reas nos pulm\u00f5es. O resultado dessa inflama\u00e7\u00e3o \u00e9 um quadro cl\u00ednico que se manifesta com sintomas como tosse, respira\u00e7\u00e3o acelerada, chiado e dificuldade para respirar.<\/p>\n<p>Os rec\u00e9m-nascidos s\u00e3o especialmente vulner\u00e1veis, uma vez que seu sistema imunol\u00f3gico ainda est\u00e1 em desenvolvimento. Os sintomas de bronquiolite podem variar de leves a severos, e em casos mais graves, a condi\u00e7\u00e3o pode levar \u00e0 hospitaliza\u00e7\u00e3o. Os sinais de alarme incluem respira\u00e7\u00e3o r\u00e1pida, cansa\u00e7o extremo e dificuldade em se alimentar. Portanto, a identifica\u00e7\u00e3o precoce e o tratamento adequado s\u00e3o fundamentais para evitar complica\u00e7\u00f5es. Os pais e cuidadores devem estar atentos para procurar atendimento m\u00e9dico assim que perceberem os sintomas.<\/p>\n<h2>Import\u00e2ncia da vacina\u00e7\u00e3o em gestantes<\/h2>\n<p>A vacina\u00e7\u00e3o de gestantes \u00e9 uma medida de sa\u00fade p\u00fablica essencial que visa proteger n\u00e3o s\u00f3 a m\u00e3e, mas tamb\u00e9m o beb\u00ea. A bronquiolite, sendo uma condi\u00e7\u00e3o potencialmente grave para os rec\u00e9m-nascidos, destaca ainda mais a necessidade de preven\u00e7\u00e3o atrav\u00e9s da vacina\u00e7\u00e3o. Quando uma gestante \u00e9 vacinada contra a bronquiolite, ela n\u00e3o s\u00f3 aumenta sua pr\u00f3pria imunidade, mas tamb\u00e9m transfere anticorpos para o feto, oferecendo uma camada adicional de prote\u00e7\u00e3o ao rec\u00e9m-nascido.<\/p>\n<p><img decoding=\"async\" src=\"https:\/\/www.encontraalagoinhas.com.br\/sobre\/wp-content\/uploads\/2025\/12\/alagoinhas-inicia-vacinacao-de-gestantes-contra-bronquiolite.webp\" alt=\"vacina\u00e7\u00e3o de gestantes contra bronquiolite\" loading=\"lazy\" \/><\/p>\n<p>A vacina contra o VSR foi recentemente incorporada ao Programa Nacional de Imuniza\u00e7\u00f5es (PNI) e, portanto, est\u00e1 dispon\u00edvel gratuitamente para as gestantes atrav\u00e9s do Sistema \u00danico de Sa\u00fade (SUS). A imuniza\u00e7\u00e3o n\u00e3o \u00e9 apenas uma prote\u00e7\u00e3o individual; \u00e9 tamb\u00e9m uma responsabilidade social que ajuda a reduzir a propaga\u00e7\u00e3o do v\u00edrus na comunidade, protegendo os mais vulner\u00e1veis, como os rec\u00e9m-nascidos e aqueles com condi\u00e7\u00f5es preexistentes.<\/p>\n<h2>Como a vacina protege m\u00e3e e filho<\/h2>\n<p>A vacina contra o VSR \u00e9 projetada para ser administrada a partir da 28\u00aa semana de gesta\u00e7\u00e3o. Ao receber a vacina, a gestante come\u00e7a a produzir anticorpos que s\u00e3o transferidos para o feto atrav\u00e9s da placenta. Isso significa que ao nascer, o beb\u00ea j\u00e1 conta com uma defesa imunol\u00f3gica b\u00e1sica contra o VSR.<\/p>\n<p>Essa prote\u00e7\u00e3o \u00e9 de extrema import\u00e2ncia, considerando que a bronquiolite \u00e9 uma das principais causas de interna\u00e7\u00f5es hospitalares por doen\u00e7as respirat\u00f3rias em crian\u00e7as pequenas. O aumento dos anticorpos maternos no sangue do beb\u00ea reduz o risco de desenvolver a infec\u00e7\u00e3o assim que entra em contato com o v\u00edrus. Assim, ao vacinar-se, a gestante n\u00e3o est\u00e1 apenas cuidando de sua sa\u00fade, mas est\u00e1 ajudando a assegurar que seu filho tenha um in\u00edcio de vida mais seguro.<\/p>\n<h2>Unidades de sa\u00fade dispon\u00edveis para a vacina\u00e7\u00e3o<\/h2>\n<p>Em Alagoinhas, todas as unidades de sa\u00fade est\u00e3o equipadas para administrar a vacina contra o VSR \u00e0s gestantes. \u00c9 fundamental para as futuras m\u00e3es se informarem sobre onde podem se vacinar, garantindo que recebam as informa\u00e7\u00f5es corretas e o atendimento necess\u00e1rio. Geralmente, as vacinas est\u00e3o dispon\u00edveis nas Unidades B\u00e1sicas de Sa\u00fade (UBS) e nos Centros de Sa\u00fade do munic\u00edpio.<\/p>\n<p>Al\u00e9m disso, a vacina\u00e7\u00e3o em unidades de sa\u00fade \u00e9 realizada tamb\u00e9m em campanhas, com hor\u00e1rios e locais definidos previamente pela prefeitura. As gestantes s\u00e3o incentivadas a procurar os servi\u00e7os de sa\u00fade, especialmente se estiverem na faixa et\u00e1ria indicada para a imuniza\u00e7\u00e3o. A vacina \u00e9 administrada em uma \u00fanica dose e n\u00e3o exige qualquer tipo de registro pr\u00e9vio, facilitando o acesso.<\/p>\n<h2>Documenta\u00e7\u00e3o necess\u00e1ria para a imuniza\u00e7\u00e3o<\/h2>\n<p>Para receber a vacina contra o VSR, as gestantes devem levar documentos b\u00e1sicos que comprovem sua identidade e sua condi\u00e7\u00e3o de gestante. A documenta\u00e7\u00e3o necess\u00e1ria inclui:<\/p>\n<ul>\n<li><strong>Cart\u00e3o de vacina:<\/strong> \u00c9 importante para o registro de vacinas anteriores e futuras.<\/li>\n<li><strong>CPF:<\/strong> Cadastro de Pessoa F\u00edsica, para identifica\u00e7\u00e3o.<\/li>\n<li><strong>Cart\u00e3o da gestante:<\/strong> Este documento \u00e9 muitas vezes fornecido durante o pr\u00e9-natal e cont\u00e9m informa\u00e7\u00f5es sobre a gravidez.<\/li>\n<\/ul>\n<p>Ter essa documenta\u00e7\u00e3o em m\u00e3os facilitar\u00e1 o processo de vacina\u00e7\u00e3o e garantir\u00e1 que todas as informa\u00e7\u00f5es relevantes s\u00e3o registradas corretamente no sistema de sa\u00fade.<\/p>\n<h2>Quando e como a vacina deve ser administrada<\/h2>\n<p>A vacina contra o VSR deve ser administrada a partir da 28\u00aa semana de gesta\u00e7\u00e3o, em dose \u00fanica. O procedimento \u00e9 simples e tem como objetivo fornecer prote\u00e7\u00e3o tanto \u00e0 m\u00e3e quanto ao beb\u00ea. O ideal \u00e9 que a gestante visite a unidade de sa\u00fade mais pr\u00f3xima assim que atingir essa fase da gravidez. Cada cidade pode ter um cronograma de vacina\u00e7\u00e3o espec\u00edfico, portanto, \u00e9 importante que as gestantes estejam atentas \u00e0s campanhas de vacina\u00e7\u00e3o em suas localidades.<\/p>\n<p>A administra\u00e7\u00e3o da vacina \u00e9 feita por meio de uma inje\u00e7\u00e3o intramuscular, geralmente no bra\u00e7o. A gestante \u00e9 monitorada por alguns minutos ap\u00f3s a aplica\u00e7\u00e3o para garantir que n\u00e3o ocorram rea\u00e7\u00f5es adversas imediatas. Felizmente, a maioria das mulheres gr\u00e1vidas n\u00e3o apresenta efeitos colaterais significativos, e as rea\u00e7\u00f5es que podem ocorrer s\u00e3o leves, como dor no local da aplica\u00e7\u00e3o ou um leve incha\u00e7o.<\/p>\n<h2>Riscos associados ao VSR em crian\u00e7as<\/h2>\n<p>Embora a bronquiolite seja uma condi\u00e7\u00e3o que muitas vezes apresenta sintomas leves, os riscos associados \u00e0 infec\u00e7\u00e3o pelo VSR podem ser graves, especialmente em beb\u00eas. As crian\u00e7as com menos de dois anos, especialmente as que t\u00eam doen\u00e7as pulmonares ou cardiopatias, est\u00e3o em maior risco de desenvolver inflama\u00e7\u00f5es severas e complica\u00e7\u00f5es graves que podem exigir hospitaliza\u00e7\u00e3o. Al\u00e9m disso, o VSR \u00e9 conhecido por causar recorr\u00eancia em alguns casos, ou seja, uma vez que a crian\u00e7a tenha contra\u00eddo o v\u00edrus, pode ser mais suscet\u00edvel a infec\u00e7\u00f5es futuras.<\/p>\n<p>Os riscos incluem dificuldade respirat\u00f3ria, desidrata\u00e7\u00e3o devido \u00e0 incapacidade de se alimentar adequadamente e um aumento da vulnerabilidade a infec\u00e7\u00f5es bacterianas secund\u00e1rias. A hospitaliza\u00e7\u00e3o em casos de bronquiolite pode se tornar necess\u00e1ria, especialmente para monitorar a respira\u00e7\u00e3o e fornecer suporte, como oxigenoterapia ou fluidos intravenosos. Portanto, a vacina\u00e7\u00e3o das gestantes \u00e9 um ato de prote\u00e7\u00e3o preventiva que pode reduzir significativamente o risco dessas complica\u00e7\u00f5es.<\/p>\n<h2>A disponibilidade da vacina no Sistema \u00danico de Sa\u00fade<\/h2>\n<p>A vacina contra o VSR est\u00e1 dispon\u00edvel gratuitamente atrav\u00e9s do Sistema \u00danico de Sa\u00fade (SUS). Esta inclus\u00e3o no calend\u00e1rio nacional de imuniza\u00e7\u00f5es \u00e9 um avan\u00e7o significativo na sa\u00fade p\u00fablica, refletindo o compromisso do governo em proteger as gestantes e os rec\u00e9m-nascidos de infec\u00e7\u00f5es graves durante a inf\u00e2ncia. As gestantes devem aproveitar essa oportunidade, pois o acesso \u00e0 vacina \u00e9 uma forma eficaz de prevenir a bronquiolite e contribuir para a sa\u00fade p\u00fablica.<\/p>\n<p>O SUS visa garantir que todos tenham acesso \u00e0 vacina\u00e7\u00e3o, especialmente aqueles que n\u00e3o t\u00eam condi\u00e7\u00f5es financeiras de adquirir vacinas em cl\u00ednicas particulares, onde o custo pode ser bastante elevado, alcan\u00e7ando at\u00e9 R$ 1.500 por dose. A imuniza\u00e7\u00e3o atrav\u00e9s do SUS possibilita que as pares n\u00e3o sejam desprovidas de cuidados essenciais durante a gravidez.<\/p>\n<h2>Custos da vacina na rede privada<\/h2>\n<p>Embora a vacina contra o VSR esteja dispon\u00edvel gratuitamente no SUS, \u00e9 importante ressaltar que, na rede privada, os custos podem ser significativos. Em m\u00e9dia, o pre\u00e7o da vacina pode variar entre R$ 1.000 a R$ 1.500 por dose. Isso pode ser um fator limitante para muitas gestantes que n\u00e3o t\u00eam acesso ao sistema privado de sa\u00fade ou que n\u00e3o podem arcar com esses custos.<\/p>\n<p>O alto pre\u00e7o da vacina refor\u00e7a a import\u00e2ncia de pol\u00edticas p\u00fablicas que promovam a vacina\u00e7\u00e3o gratuita, assegurando que todas as gestantes possam se proteger e proteger seus beb\u00eas sem se preocupar com custos financeiros. Cada vez mais, discuss\u00f5es sobre acesso \u00e0 sa\u00fade e \u00e0 vacina\u00e7\u00e3o s\u00e3o essenciais no Brasil, pois impactam diretamente a sa\u00fade das futuras gera\u00e7\u00f5es.<\/p>\n<h2>Depoimentos de gestantes vacinadas<\/h2>\n<p>V\u00e1rios depoimentos de gestantes que receberam a vacina contra o VSR demonstram a import\u00e2ncia e a efic\u00e1cia dessa medida de prote\u00e7\u00e3o. Muitas relataram que se sentiram mais seguras e confiantes em rela\u00e7\u00e3o \u00e0 sa\u00fade de seus beb\u00eas ap\u00f3s a vacina\u00e7\u00e3o. \\&#8221;Foi uma experi\u00eancia tranquila e r\u00e1pida. Me senti bem em saber que estou protegendo meu filho antes dele nascer,\\&#8221; disse uma gestante, refor\u00e7ando a ideia de que a vacina\u00e7\u00e3o \u00e9 uma escolha informada e necess\u00e1ria.<\/p>\n<p>Outro depoimento destacou os riscos: \\&#8221;Com tantas doencinhas que circulam, n\u00e3o quero correr riscos. A vacina foi um al\u00edvio para mim, e agora sei que fiz a melhor escolha para a sa\u00fade do meu beb\u00ea.\\&#8221; Essas hist\u00f3rias refletem a ades\u00e3o e a percep\u00e7\u00e3o positiva da comunidade sobre a vacina\u00e7\u00e3o, enfatizando o papel crucial que essa medida desempenha no bem-estar das futuras m\u00e3es e rec\u00e9m-nascidos.<\/p>\n\n<div style=\"font-size: 0px; height: 0px; line-height: 0px; margin: 0; padding: 0; clear: both;\"><\/div>","protected":false},"excerpt":{"rendered":"<p>Gestantes em Alagoinhas recebem vacina\u00e7\u00e3o contra bronquiolite. Proteja-se e garanta a sa\u00fade do seu beb\u00ea.<\/p>\n","protected":false},"author":1,"featured_media":523,"comment_status":"open","ping_status":"closed","sticky":false,"template":"","format":"standard","meta":{"footnotes":""},"categories":[5],"tags":[],"class_list":["post-524","post","type-post","status-publish","format-standard","has-post-thumbnail","hentry","category-noticias-em-alagoinhas","has_thumb"],"aioseo_notices":[],"_links":{"self":[{"href":"https:\/\/www.encontraalagoinhas.com.br\/sobre\/wp-json\/wp\/v2\/posts\/524","targetHints":{"allow":["GET"]}}],"collection":[{"href":"https:\/\/www.encontraalagoinhas.com.br\/sobre\/wp-json\/wp\/v2\/posts"}],"about":[{"href":"https:\/\/www.encontraalagoinhas.com.br\/sobre\/wp-json\/wp\/v2\/types\/post"}],"author":[{"embeddable":true,"href":"https:\/\/www.encontraalagoinhas.com.br\/sobre\/wp-json\/wp\/v2\/users\/1"}],"replies":[{"embeddable":true,"href":"https:\/\/www.encontraalagoinhas.com.br\/sobre\/wp-json\/wp\/v2\/comments?post=524"}],"version-history":[{"count":0,"href":"https:\/\/www.encontraalagoinhas.com.br\/sobre\/wp-json\/wp\/v2\/posts\/524\/revisions"}],"wp:featuredmedia":[{"embeddable":true,"href":"https:\/\/www.encontraalagoinhas.com.br\/sobre\/wp-json\/wp\/v2\/media\/523"}],"wp:attachment":[{"href":"https:\/\/www.encontraalagoinhas.com.br\/sobre\/wp-json\/wp\/v2\/media?parent=524"}],"wp:term":[{"taxonomy":"category","embeddable":true,"href":"https:\/\/www.encontraalagoinhas.com.br\/sobre\/wp-json\/wp\/v2\/categories?post=524"},{"taxonomy":"post_tag","embeddable":true,"href":"https:\/\/www.encontraalagoinhas.com.br\/sobre\/wp-json\/wp\/v2\/tags?post=524"}],"curies":[{"name":"wp","href":"https:\/\/api.w.org\/{rel}","templated":true}]}}