{"id":351,"date":"2025-11-07T12:43:00","date_gmt":"2025-11-07T12:43:00","guid":{"rendered":"https:\/\/www.encontraalagoinhas.com.br\/sobre\/doce-lar-habitacao-prefeito-visita-obras-no-mcmv-e-anuncia-inscricoes-para-o-programa-habitacional\/"},"modified":"2025-11-07T12:43:00","modified_gmt":"2025-11-07T12:43:00","slug":"doce-lar-habitacao-prefeito-visita-obras-no-mcmv-e-anuncia-inscricoes-para-o-programa-habitacional","status":"publish","type":"post","link":"https:\/\/www.encontraalagoinhas.com.br\/sobre\/doce-lar-habitacao-prefeito-visita-obras-no-mcmv-e-anuncia-inscricoes-para-o-programa-habitacional\/","title":{"rendered":"Doce Lar Habita\u00e7\u00e3o: Prefeito visita obras no MCMV e anuncia inscri\u00e7\u00f5es para o programa habitacional"},"content":{"rendered":"<div class=\"c3aec6c543aa9cbffec6112837d9060a\" data-index=\"1\" style=\"float: none; margin:0px;\">\n<!-- Anuncio display - global -->\r\n<ins class=\"adsbygoogle\"\r\n     style=\"display:block\"\r\n     data-ad-client=\"ca-pub-8585364105181520\"\r\n     data-ad-slot=\"8789329856\"\r\n     data-ad-format=\"auto\"\r\n     data-full-width-responsive=\"true\"><\/ins>\r\n<script>\r\n     (adsbygoogle = window.adsbygoogle || []).push({});\r\n<\/script>\n<\/div>\n<h2>Prefeito visita obras do MCMV em Alagoinhas<\/h2>\n<p>Na \u00faltima semana, o <strong>prefeito de Alagoinhas<\/strong> realizou uma visita \u00e0s obras do programa <em>Minha Casa, Minha Vida (MCMV)<\/em>. A iniciativa tem como objetivo facilitar o acesso \u00e0 moradia para fam\u00edlias de baixa renda. Durante a visita, o prefeito destacou a <strong>import\u00e2ncia das obras<\/strong> n\u00e3o apenas para a infraestrutura da cidade, mas tamb\u00e9m para o bem-estar e a dignidade das pessoas que ser\u00e3o beneficiadas.<\/p>\n<p>Ele afirmou que as obras est\u00e3o avan\u00e7ando conforme o cronograma e revelou que muitas fam\u00edlias j\u00e1 se preparam para realizar o sonho da casa pr\u00f3pria. Os conjuntos habitacionais em constru\u00e7\u00e3o seguem as diretrizes do MCMV, buscando oferecer qualidade e seguran\u00e7a aos futuros moradores.<\/p>\n<h2>In\u00edcio das inscri\u00e7\u00f5es para o programa habitacional<\/h2>\n<p>Uma not\u00edcia esperada chegou: as <strong>inscri\u00e7\u00f5es<\/strong> para o programa habitacional come\u00e7am na pr\u00f3xima semana. O prefeito enfatizou a simplicidade do processo, visando garantir que todos os residentes de Alagoinhas possam participar. As inscri\u00e7\u00f5es ser\u00e3o feitas de forma digital, facilitando o acesso das fam\u00edlias interessadas.<\/p>\n<p>As datas exatas e os crit\u00e9rios de elegibilidade ser\u00e3o amplamente divulgados pela prefeitura, garantindo ainda mais transpar\u00eancia e alcance. Esse momento \u00e9 uma chance \u00fanica para muitos, e o governo local est\u00e1 preparando um <strong>apoio intensivo<\/strong> para que todas as d\u00favidas sejam esclarecidas.<\/p>\n<h2>Como funcionar\u00e1 o cadastramento digital<\/h2>\n<p>O <strong>cadastramento digital<\/strong> \u00e9 uma das inova\u00e7\u00f5es que promete tornar o processo de inscri\u00e7\u00e3o mais acess\u00edvel. Os interessados dever\u00e3o acessar um site espec\u00edfico criado pela prefeitura, onde poder\u00e3o preencher um formul\u00e1rio online. O objetivo \u00e9 desburocratizar o acesso \u00e0 habita\u00e7\u00e3o e eliminar filas e aglomera\u00e7\u00f5es. <\/p>\n<p>Al\u00e9m disso, haver\u00e1 um sistema de atendimento virtual, onde os cidad\u00e3os poder\u00e3o tirar d\u00favidas pelo chat ou telefone. Essa medida foi adotada para garantir que todos possam participar, independentemente de sua familiaridade com tecnologia.<\/p>\n<h2>O que \u00e9 o programa Minha Casa, Minha Vida?<\/h2>\n<p>O programa <strong>Minha Casa, Minha Vida<\/strong> \u00e9 uma iniciativa do <em>governo federal<\/em> que visa promover a habita\u00e7\u00e3o de interesse social. Desde a sua cria\u00e7\u00e3o, o programa j\u00e1 viabilizou a constru\u00e7\u00e3o de milh\u00f5es de moradias em todo o pa\u00eds. Ele \u00e9 voltado para fam\u00edlias com renda mensal de at\u00e9 <strong>R$ 7 mil<\/strong>.<\/p>\n<p>Com condi\u00e7\u00f5es facilitadas, como subs\u00eddios e taxas de juros menores, o MCMV tem transformado a vida de muitas pessoas, proporcionando a t\u00e3o sonhada casa pr\u00f3pria. Em Alagoinhas, a implementa\u00e7\u00e3o do programa \u00e9 vista como um passo importante para a redu\u00e7\u00e3o do d\u00e9ficit habitacional.<\/p>\n<h2>Detalhes sobre os conjuntos habitacionais<\/h2>\n<p>Os conjuntos habitacionais em constru\u00e7\u00e3o na cidade seguir\u00e3o padr\u00f5es de qualidade e sustentabilidade. Cada projeto conta com:<\/p>\n<ul>\n<li><strong>Infraestrutura Completa:<\/strong> As moradias ser\u00e3o entregues com toda a infraestrutura necess\u00e1ria, como \u00e1gua, luz, e esgoto.<\/li>\n<li><strong>\u00c1reas de Lazer:<\/strong> Ser\u00e3o inseridos espa\u00e7os como pra\u00e7as e playgrounds, garantindo qualidade de vida.<\/li>\n<li><strong>Localiza\u00e7\u00e3o Estrat\u00e9gica:<\/strong> Os empreendimentos est\u00e3o sendo constru\u00eddos em locais com f\u00e1cil acesso a transporte e servi\u00e7os essenciais.<\/li>\n<\/ul>\n<p>Esses detalhes s\u00e3o vitais para garantir que os moradores n\u00e3o apenas recebam uma casa, mas um verdadeiro <strong>lar<\/strong>.<\/p>\n<h2>Residencial Curi\u00f3: avan\u00e7o e entrega prevista<\/h2>\n<p>O <strong>Residencial Curi\u00f3<\/strong> \u00e9 um dos empreendimentos que mais chama a aten\u00e7\u00e3o na cidade. Durante a visita, o prefeito destacou que as obras est\u00e3o 70% conclu\u00eddas e a previs\u00e3o de entrega \u00e9 para o final do pr\u00f3ximo semestre.<\/p>\n<p>Os futuros moradores desse residencial poder\u00e3o contar com unidades que v\u00e3o de <strong>50 a 70 metros quadrados<\/strong>, oferecendo conforto e espa\u00e7o necess\u00e1rio para fam\u00edlias. A expectativa \u00e9 que o Curi\u00f3 se torne um modelo de moradia digna na cidade.<\/p>\n<h2>Residencial Filgueira I: expectativas de entrega<\/h2>\n<p>Outro projeto em destaque \u00e9 o <strong>Residencial Filgueira I<\/strong>. As obras est\u00e3o adiantadas e a entrega est\u00e1 programada para in\u00edcio do pr\u00f3ximo ano. Esse residencial faz parte de um esfor\u00e7o maior para suprir a demanda habitacional na regi\u00e3o.<\/p>\n<p>As unidades tamb\u00e9m ser\u00e3o iguais em padr\u00e3o ao Residencial Curi\u00f3, com a diferen\u00e7a de que Filgueira I se localizar\u00e1 em uma \u00e1rea com acesso direto a escolas e supermercados, facilitando a vida dos futuros residentes.<\/p>\n<h2>Import\u00e2ncia da parceria com a Caixa Econ\u00f4mica<\/h2>\n<p>A parceria com a <strong>Caixa Econ\u00f4mica Federal<\/strong> \u00e9 fundamental para o sucesso do programa Minha Casa, Minha Vida em Alagoinhas. A Caixa fornece o suporte t\u00e9cnico e financeiro necess\u00e1rio para a viabiliza\u00e7\u00e3o dos projetos habitacionais.<\/p>\n<p>Al\u00e9m de financiar as obras, a institui\u00e7\u00e3o tamb\u00e9m facilita o processo de cr\u00e9dito para as fam\u00edlias, garantindo que elas tenham acesso \u00e0s condi\u00e7\u00f5es mais favor\u00e1veis para a compra de sua casa. O apoio da Caixa \u00e9, sem d\u00favida, um dos pilares que sustentam o MCMV na cidade.<\/p>\n<h2>Transforma\u00e7\u00e3o social atrav\u00e9s da habita\u00e7\u00e3o<\/h2>\n<p>A implementa\u00e7\u00e3o de programas habitacionais como o Minha Casa, Minha Vida n\u00e3o apenas oferece moradia, mas tamb\u00e9m promove uma <strong>transforma\u00e7\u00e3o social<\/strong> significativa. Ao proporcionar habita\u00e7\u00e3o digna, o programa contribui para a redu\u00e7\u00e3o da desigualdade e melhora a qualidade de vida da popula\u00e7\u00e3o.<\/p>\n<p>Fam\u00edlias que antes viviam em \u00e1reas vulner\u00e1veis agora ter\u00e3o acesso a um lar seguro e estruturado. Isso impacta diretamente na educa\u00e7\u00e3o e na sa\u00fade, pois crian\u00e7as podem crescer em ambientes mais saud\u00e1veis e seguros.<\/p>\n<h2>Pr\u00f3ximos passos para os interessados nas moradias<\/h2>\n<p>Os interessados em garantir uma unidade habitacional devem ficar atentos \u00e0s datas de inscri\u00e7\u00e3o e aos crit\u00e9rios de elegibilidade, que ser\u00e3o publicados em breve. \u00c9 fundamental que as fam\u00edlias preparem a documenta\u00e7\u00e3o necess\u00e1ria, como identifica\u00e7\u00f5es e comprovantes de renda.<\/p>\n<p>Al\u00e9m disso, \u00e9 aconselh\u00e1vel que os candidatos participem das sess\u00f5es de esclarecimento que a prefeitura ir\u00e1 promover, garantindo que todos tenham uma compreens\u00e3o clara do processo. O prefeito se comprometeu em oferecer total apoio no que for necess\u00e1rio para que os cidad\u00e3os possam aproveitar essa oportunidade.<\/p>\n\n<div style=\"font-size: 0px; height: 0px; line-height: 0px; margin: 0; padding: 0; clear: both;\"><\/div>","protected":false},"excerpt":{"rendered":"<p>Doce Lar Habita\u00e7\u00e3o \u00e9 a nova esperan\u00e7a habitacional em Alagoinhas.<\/p>\n","protected":false},"author":1,"featured_media":350,"comment_status":"open","ping_status":"closed","sticky":false,"template":"","format":"standard","meta":{"footnotes":""},"categories":[5],"tags":[],"class_list":["post-351","post","type-post","status-publish","format-standard","has-post-thumbnail","hentry","category-noticias-em-alagoinhas","has_thumb"],"aioseo_notices":[],"_links":{"self":[{"href":"https:\/\/www.encontraalagoinhas.com.br\/sobre\/wp-json\/wp\/v2\/posts\/351","targetHints":{"allow":["GET"]}}],"collection":[{"href":"https:\/\/www.encontraalagoinhas.com.br\/sobre\/wp-json\/wp\/v2\/posts"}],"about":[{"href":"https:\/\/www.encontraalagoinhas.com.br\/sobre\/wp-json\/wp\/v2\/types\/post"}],"author":[{"embeddable":true,"href":"https:\/\/www.encontraalagoinhas.com.br\/sobre\/wp-json\/wp\/v2\/users\/1"}],"replies":[{"embeddable":true,"href":"https:\/\/www.encontraalagoinhas.com.br\/sobre\/wp-json\/wp\/v2\/comments?post=351"}],"version-history":[{"count":0,"href":"https:\/\/www.encontraalagoinhas.com.br\/sobre\/wp-json\/wp\/v2\/posts\/351\/revisions"}],"wp:featuredmedia":[{"embeddable":true,"href":"https:\/\/www.encontraalagoinhas.com.br\/sobre\/wp-json\/wp\/v2\/media\/350"}],"wp:attachment":[{"href":"https:\/\/www.encontraalagoinhas.com.br\/sobre\/wp-json\/wp\/v2\/media?parent=351"}],"wp:term":[{"taxonomy":"category","embeddable":true,"href":"https:\/\/www.encontraalagoinhas.com.br\/sobre\/wp-json\/wp\/v2\/categories?post=351"},{"taxonomy":"post_tag","embeddable":true,"href":"https:\/\/www.encontraalagoinhas.com.br\/sobre\/wp-json\/wp\/v2\/tags?post=351"}],"curies":[{"name":"wp","href":"https:\/\/api.w.org\/{rel}","templated":true}]}}