{"id":304,"date":"2025-10-29T15:38:00","date_gmt":"2025-10-29T15:38:00","guid":{"rendered":"https:\/\/www.encontraalagoinhas.com.br\/sobre\/empresarios-de-alagoinhas-e-tv-subae-discutem-parcerias\/"},"modified":"2025-10-29T15:38:00","modified_gmt":"2025-10-29T15:38:00","slug":"empresarios-de-alagoinhas-e-tv-subae-discutem-parcerias","status":"publish","type":"post","link":"https:\/\/www.encontraalagoinhas.com.br\/sobre\/empresarios-de-alagoinhas-e-tv-subae-discutem-parcerias\/","title":{"rendered":"Empres\u00e1rios de Alagoinhas e TV Suba\u00e9 discutem parcerias"},"content":{"rendered":"<div class=\"c3aec6c543aa9cbffec6112837d9060a\" data-index=\"1\" style=\"float: none; margin:0px;\">\n<!-- Anuncio display - global -->\r\n<ins class=\"adsbygoogle\"\r\n     style=\"display:block\"\r\n     data-ad-client=\"ca-pub-8585364105181520\"\r\n     data-ad-slot=\"8789329856\"\r\n     data-ad-format=\"auto\"\r\n     data-full-width-responsive=\"true\"><\/ins>\r\n<script>\r\n     (adsbygoogle = window.adsbygoogle || []).push({});\r\n<\/script>\n<\/div>\n<h2>O Encontro de Empres\u00e1rios e a TV Suba\u00e9<\/h2>\n<p>Recentemente, <strong>Alagoinhas<\/strong> tem se destacado por suas iniciativas de fomento ao com\u00e9rcio local, e um dos principais respons\u00e1veis por isso \u00e9 a <strong>TV Suba\u00e9<\/strong>. Essa emissora tem promovido encontros entre empres\u00e1rios da regi\u00e3o, criando um espa\u00e7o prop\u00edcio para o di\u00e1logo e o desenvolvimento de parcerias. Essas ocasi\u00f5es se revelam fundamentais para o fortalecimento do com\u00e9rcio local, unindo for\u00e7as em busca de melhores resultados.<\/p>\n<h2>Objetivos das Parcerias Firmadas<\/h2>\n<p>As parcerias estabelecidas entre a <strong>TV Suba\u00e9<\/strong> e os empres\u00e1rios de Alagoinhas t\u00eam objetivos claros:<\/p>\n<ul>\n<li><strong>Fortalecimento da Marca:<\/strong> Aumentar a visibilidade das marcas locais por meio de divulga\u00e7\u00f5es na TV e nas redes sociais.<\/li>\n<li><strong>Promo\u00e7\u00f5es e Campanhas:<\/strong> Desenvolver a\u00e7\u00f5es promocionais que beneficiem os consumidores e incentivem a compra local.<\/li>\n<li><strong>Educa\u00e7\u00e3o Empresarial:<\/strong> Oferecer workshops e treinamentos para capacitar os empres\u00e1rios e colaboradores sobre boas pr\u00e1ticas de gest\u00e3o e venda.<\/li>\n<\/ul>\n<h2>A Import\u00e2ncia da Visibilidade para o Com\u00e9rcio<\/h2>\n<p>Para os empres\u00e1rios de Alagoinhas, a visibilidade \u00e9 um fator crucial para o crescimento de seus neg\u00f3cios. A <strong>TV Suba\u00e9<\/strong>, sendo uma das principais emissoras da regi\u00e3o, proporciona uma plataforma que permite:<\/p>\n<ul>\n<li><strong>Alcan\u00e7ar Novos P\u00fablicos:<\/strong> Aumentar o acesso ao p\u00fablico local e visitante que busca saber mais sobre o que Alagoinhas oferece.<\/li>\n<li><strong>Construir Confian\u00e7a:<\/strong> A presen\u00e7a na m\u00eddia transmite seguran\u00e7a e credibilidade, sentimentos fundamentais para consumidores na hora de realizar compras.<\/li>\n<li><strong>Divulgar Ofertas:<\/strong> Informar os consumidores sobre ofertas e novidades ajuda a movimentar o com\u00e9rcio local.<\/li>\n<\/ul>\n<h2>O Papel da Prefeitura no Desenvolvimento Econ\u00f4mico<\/h2>\n<p>A Prefeitura de Alagoinhas tamb\u00e9m desempenha um papel vital no desenvolvimento econ\u00f4mico da cidade. Com o apoio \u00e0 <strong>TV Suba\u00e9<\/strong> e aos empres\u00e1rios, implementa a\u00e7\u00f5es que visam:<\/p>\n<ul>\n<li><strong>Incentivos Fiscais:<\/strong> Oferecer benef\u00edcios fiscais para novos neg\u00f3cios e aqueles que investem em melhorias e expans\u00e3o.<\/li>\n<li><strong>Infraestrutura:<\/strong> Melhorar a infraestrutura da cidade, como estradas, ilumina\u00e7\u00e3o p\u00fablica e seguran\u00e7a, que s\u00e3o fundamentais para o com\u00e9rcio.<\/li>\n<li><strong>Promo\u00e7\u00e3o de Eventos:<\/strong> Organizar feiras e eventos que incentivem o com\u00e9rcio e promovam a cultura local.<\/li>\n<\/ul>\n<h2>Expectativas para o Retorno dos Profissionais da TV<\/h2>\n<p>Com a pandemia, muitos profissionais da <strong>TV Suba\u00e9<\/strong> tiveram de se adaptar e mudar seus formatos de trabalho. Agora, as expectativas para o retorno de uma cobertura mais intensiva nos neg\u00f3cios de Alagoinhas s\u00e3o altas. A presen\u00e7a f\u00edsica da equipe de jornalismo e produ\u00e7\u00e3o representa:<\/p>\n<ul>\n<li><strong>Reportagens Locais:<\/strong> Produzindo conte\u00fado relevante acerca das hist\u00f3rias de sucesso dos empres\u00e1rios.<\/li>\n<li><strong>Quando a TV Entrada:<\/strong> Um retorno necess\u00e1rio para reativar o sentimento de comunidade e unidade entre os empres\u00e1rios.<\/li>\n<li><strong>Aumento da Participa\u00e7\u00e3o:<\/strong> Estimular a comunidade a participar ativamente dos eventos e a\u00e7\u00f5es promovidas pela TV.<\/li>\n<\/ul>\n<h2>Desenvolvimento de Projetos 360 Graus<\/h2>\n<p>Os projetos 360 graus s\u00e3o uma tend\u00eancia crescente e envolvem a cria\u00e7\u00e3o de estrat\u00e9gias que abrangem m\u00faltiplas plataformas e formatos. Os empres\u00e1rios de Alagoinhas, em parceria com a <strong>TV Suba\u00e9<\/strong>, buscam implementar essas iniciativas atrav\u00e9s de:<\/p>\n<ul>\n<li><strong>Conte\u00fado Multim\u00eddia:<\/strong> Produ\u00e7\u00e3o de v\u00eddeos, podcasts e publica\u00e7\u00f5es nas redes sociais que promovem o com\u00e9rcio local.<\/li>\n<li><strong>Colabora\u00e7\u00e3o Interempresarial:<\/strong> Cria\u00e7\u00e3o de grupos de trabalho para troca de conhecimento e experi\u00eancias entre os empres\u00e1rios.<\/li>\n<li><strong>Campanhas de M\u00eddia Integrada:<\/strong> Lan\u00e7amento de campanhas que conectam televis\u00e3o, r\u00e1dio, redes sociais e sites em uma \u00fanica mensagem.<\/li>\n<\/ul>\n<h2>Depoimentos de Empres\u00e1rios Participantes<\/h2>\n<p>A seguir est\u00e3o alguns depoimentos de empres\u00e1rios de Alagoinhas que participam ativamente das parcerias com a <strong>TV Suba\u00e9<\/strong>:<\/p>\n<ul>\n<li><strong>Maria Silva &#8211; Propriet\u00e1ria de Loja de Roupas:<\/strong> &#8220;Participar das a\u00e7\u00f5es com a TV Suba\u00e9 trouxe um novo p\u00fablico ao meu neg\u00f3cio. As campanhas de promo\u00e7\u00e3o t\u00eam sido fant\u00e1sticas para aumentar as vendas&#8221;.<\/li>\n<li><strong>Jo\u00e3o Pereira &#8211; Dono de Restaurante:<\/strong> &#8220;Gra\u00e7as \u00e0 visibilidade obtida na TV, consegui aumentar minha clientela. A parceria com a m\u00eddia \u00e9 essencial para qualquer empres\u00e1rio hoje&#8221;.<\/li>\n<li><strong>Ana Costa &#8211; Empres\u00e1ria de Cosm\u00e9ticos:<\/strong> &#8220;O meu foco sempre foi a qualidade. Agora, com o apoio da <strong>TV Suba\u00e9<\/strong>, posso mostrar isso para todos na regi\u00e3o&#8221;.<\/li>\n<\/ul>\n<h2>Impactos no Setor de Com\u00e9rcio e Ind\u00fastria<\/h2>\n<p>As parcerias entre a <strong>TV Suba\u00e9<\/strong> e os empres\u00e1rios locais t\u00eam causado efeitos significativos em diversos setores. Entre os principais impactos, encontramos:<\/p>\n<ul>\n<li><strong>Aumento nas Vendas:<\/strong> Muitas empresas relataram um crescimento nas vendas ap\u00f3s campanhas promovidas pela TV.<\/li>\n<li><strong>Cria\u00e7\u00e3o de Novos Empregos:<\/strong> Com o crescimento do com\u00e9rcio, surge a necessidade de mais m\u00e3o de obra e, consequentemente, novas oportunidades de trabalho.<\/li>\n<li><strong>Inova\u00e7\u00e3o e Melhoria de Produtos:<\/strong> A visibilidade e a competi\u00e7\u00e3o saud\u00e1veis promovem a inova\u00e7\u00e3o nos servi\u00e7os e produtos oferecidos.<\/li>\n<\/ul>\n<h2>Planejamento para a Campanha de Natal<\/h2>\n<p>O planejamento para as campanhas de Natal \u00e9 um momento estrat\u00e9gico crucial. A <strong>TV Suba\u00e9<\/strong> e os empres\u00e1rios de Alagoinhas est\u00e3o se unindo para elaborar um calend\u00e1rio que inclua:<\/p>\n<ul>\n<li><strong>A\u00e7\u00f5es Promocionais:<\/strong> Descontos e benef\u00edcios especiais para o per\u00edodo festivo.<\/li>\n<li><strong>Eventos Locais:<\/strong> Festividades que atraem consumidores para o centro comercial da cidade.<\/li>\n<li><strong>Conte\u00fado Especial na M\u00eddia:<\/strong> Programas que falam sobre a hist\u00f3ria da comunidade e os produtos dos empres\u00e1rios.<\/li>\n<\/ul>\n<h2>Futuro das Parcerias entre Empres\u00e1rios e M\u00eddia<\/h2>\n<p>O futuro das parcerias entre os <strong>empres\u00e1rios de Alagoinhas<\/strong> e a <strong>TV Suba\u00e9<\/strong> parece promissor. Com o mundo cada vez mais conectado, h\u00e1 um potencial enorme para:<\/p>\n<ul>\n<li><strong>Crescimento da Digitaliza\u00e7\u00e3o:<\/strong> Promover a presen\u00e7a digital dos empres\u00e1rios e integrar suas lojas online com as campanhas na TV.<\/li>\n<li><strong>Inova\u00e7\u00e3o em Marketing:<\/strong> Explorar novas formas de engajamento com o p\u00fablico, como eventos online e interativos.<\/li>\n<li><strong>Colabora\u00e7\u00e3o Cont\u00ednua:<\/strong> Fortalecer as rela\u00e7\u00f5es entre a m\u00eddia e os empres\u00e1rios, criando uma rede de apoio m\u00fatuo que beneficie a todos.<\/li>\n<\/ul>\n<p>Essas a\u00e7\u00f5es demonstram que a uni\u00e3o entre empres\u00e1rios e a TV Suba\u00e9 n\u00e3o apenas beneficia os neg\u00f3cios, mas tamb\u00e9m gera um impacto positivo na comunidade de Alagoinhas, refor\u00e7ando a import\u00e2ncia de um com\u00e9rcio local forte.<\/p>\n\n<div style=\"font-size: 0px; height: 0px; line-height: 0px; margin: 0; padding: 0; clear: both;\"><\/div>","protected":false},"excerpt":{"rendered":"<p>Empres\u00e1rios de Alagoinhas e TV Suba\u00e9 discutem parcerias e oportunidades de visibilidade.<\/p>\n","protected":false},"author":1,"featured_media":303,"comment_status":"open","ping_status":"closed","sticky":false,"template":"","format":"standard","meta":{"footnotes":""},"categories":[5],"tags":[],"class_list":["post-304","post","type-post","status-publish","format-standard","has-post-thumbnail","hentry","category-noticias-em-alagoinhas","has_thumb"],"aioseo_notices":[],"_links":{"self":[{"href":"https:\/\/www.encontraalagoinhas.com.br\/sobre\/wp-json\/wp\/v2\/posts\/304","targetHints":{"allow":["GET"]}}],"collection":[{"href":"https:\/\/www.encontraalagoinhas.com.br\/sobre\/wp-json\/wp\/v2\/posts"}],"about":[{"href":"https:\/\/www.encontraalagoinhas.com.br\/sobre\/wp-json\/wp\/v2\/types\/post"}],"author":[{"embeddable":true,"href":"https:\/\/www.encontraalagoinhas.com.br\/sobre\/wp-json\/wp\/v2\/users\/1"}],"replies":[{"embeddable":true,"href":"https:\/\/www.encontraalagoinhas.com.br\/sobre\/wp-json\/wp\/v2\/comments?post=304"}],"version-history":[{"count":0,"href":"https:\/\/www.encontraalagoinhas.com.br\/sobre\/wp-json\/wp\/v2\/posts\/304\/revisions"}],"wp:featuredmedia":[{"embeddable":true,"href":"https:\/\/www.encontraalagoinhas.com.br\/sobre\/wp-json\/wp\/v2\/media\/303"}],"wp:attachment":[{"href":"https:\/\/www.encontraalagoinhas.com.br\/sobre\/wp-json\/wp\/v2\/media?parent=304"}],"wp:term":[{"taxonomy":"category","embeddable":true,"href":"https:\/\/www.encontraalagoinhas.com.br\/sobre\/wp-json\/wp\/v2\/categories?post=304"},{"taxonomy":"post_tag","embeddable":true,"href":"https:\/\/www.encontraalagoinhas.com.br\/sobre\/wp-json\/wp\/v2\/tags?post=304"}],"curies":[{"name":"wp","href":"https:\/\/api.w.org\/{rel}","templated":true}]}}